{"id":1101,"date":"2024-06-27T11:22:05","date_gmt":"2024-06-27T08:22:05","guid":{"rendered":"https:\/\/www.fereastraveka.ro\/blog\/?p=1101"},"modified":"2024-06-27T11:22:07","modified_gmt":"2024-06-27T08:22:07","slug":"softline-76-profilul-veka-pentru-ferestre-cu-echilibru-optim-cost-performanta","status":"publish","type":"post","link":"https:\/\/www.fereastraveka.ro\/blog\/softline-76-profilul-veka-pentru-ferestre-cu-echilibru-optim-cost-performanta\/","title":{"rendered":"SOFTLINE 76 \u2013 profilul VEKA pentru ferestre cu echilibru optim cost-performan\u021b\u0103"},"content":{"rendered":"\n<p>Alegerea profilului perfect pentru ferestrele noii case sau pentru reabilitarea actualei locuin\u021be, f\u0103r\u0103 a consulta un specialist, poate fi un proces destul de anevoios. C\u00e2nd se porne\u0219te de la zero, acest proces implic\u0103 un studiu de ansamblu al eficien\u021bei termice a cl\u0103dirilor, consultarea normativelor \u00een vigoare, alegerea solu\u021biei pentru vitraj, g\u0103sirea profilului care s\u0103 fac\u0103 fa\u021b\u0103 tuturor solicit\u0103rilor, personaliz\u0103ri, tipologii deschideri, produc\u0103tori t\u00e2mpl\u0103rie \u0219.a.m.d. Fiind o procedur\u0103 cu multe variabile interdependente, care pot ridica probleme greu de anticipat, riscul de a lua decizii eronate este unul destul de ridicat. Acest lucru este bine cunoscut \u00een grupul VEKA, de aceea produc\u0103torul german de profile PVC exclusiv de Clasa A investe\u0219te, pe l\u00e2ng\u0103 cercetare, dezvoltare, testare, control, \u0219i \u00een simplificarea \u00eentregului proces, astfel \u00eenc\u00e2t beneficiarul s\u0103 se poat\u0103 bucura de noile ferestre eficiente energetic, \u00een cel mai scurt timp, f\u0103r\u0103 b\u0103t\u0103i de cap \u0219i f\u0103r\u0103 str\u00e2ngeri de inim\u0103. Aceste investi\u021bii se materializeaz\u0103 printr-un proces atent \u0219i continuu de selec\u021bie \u0219i training a partenerilor <a href=\"https:\/\/www.fereastraveka.ro\/oferta_tamplarie_pvc\">produc\u0103tori de ferestre \u0219i u\u0219i termoizolante<\/a>, produc\u021bia de profile rezistente ce permit deschideri, forme \u0219i personaliz\u0103ri variate, c\u00e2t \u0219i consolidarea gamei de produse, astfel \u00eenc\u00e2t procesul de selec\u021bie s\u0103 fie c\u00e2t mai simplu.<\/p>\n\n\n\n<p><strong>Unde se situeaz\u0103 SOFTLINE 76 \u00een oferta VEKA<\/strong><\/p>\n\n\n\n<p>SOFTLINE 76 se \u00eencadreaz\u0103 \u00een portofoliul VEKA \u00eentre profilul <a href=\"https:\/\/www.fereastraveka.ro\/blog\/softline-82-profilul-de-top-al-unei-game-exclusiv-de-clasa-a\/\">SOFTLINE 82<\/a>, adresat entuzia\u0219tilor \u00een eficien\u021b\u0103 energetic\u0103, \u0219i <a href=\"https:\/\/fereastraveka.ro\/solutii_tehnice\/categ\/ferestre\/softline-70ad\">SOFTLINE 70<\/a> orientat spre ferestre termoizolante accesibile. Cu alte cuvinte, <a href=\"https:\/\/fereastraveka.ro\/solutii_tehnice\/categ\/ferestre\/softline-76md\">SOFTLINE 76<\/a> acoper\u0103 zona cu echilibru optim \u00eentre pre\u021b \u0219i performan\u021b\u0103. Profilul disponibil \u00een dou\u0103 variante, SOFTLINE 76MD \u2013 cu garnitur\u0103 median\u0103, \u0219i SOFTLINE 76AD \u2013 f\u0103r\u0103 garnitur\u0103 median\u0103, poate fi prev\u0103zut cu vitraje \u00een 2 sau 3 foi \u0219i, cu pachetul de geam potrivit, poate reduce coeficientul de transfer termic al ferestrelor p\u00e2n\u0103 la valoarea Uw de 0,75 W\/m<sup>2<\/sup>K. Ca referin\u021b\u0103, normativul MC-001 recomand\u0103 pentru ferestrele \u0219i u\u0219ile cl\u0103dirilor nZEB un coeficient Uw mai mic de 1,11W\/m<sup>2<\/sup>K, \u00een cazul construc\u021biilor noi, \u0219i mai mic de 1,20W\/m<sup>2<\/sup>K, \u00een cazul renov\u0103rilor. Revenind la profilul nostru, acesta poate acomoda pachete de sticl\u0103 cu grosimi de p\u00e2n\u0103 la 48mm \u0219i poate sus\u021bine ferestre cu \u00een\u0103l\u021bime de p\u00e2n\u0103 la 2,5m \u0219i\/sau l\u0103\u021bimi de p\u00e2n\u0103 la 1,4m. Aceste dimensiuni sunt influen\u021bate \u00eens\u0103 de culoarea \u00een care este \u00eembr\u0103cat profilul \u0219i de greutatea pachetului de geam.<\/p>\n\n\n\n<figure class=\"wp-block-image size-large\"><img loading=\"lazy\" width=\"1024\" height=\"439\" src=\"https:\/\/www.fereastraveka.ro\/blog\/wp-content\/uploads\/2024\/06\/ref-veka_river-loft-hotel_bunsbuettel_res_21_9_w2205-1024x439.jpg\" alt=\"\" class=\"wp-image-1107\" srcset=\"https:\/\/www.fereastraveka.ro\/blog\/wp-content\/uploads\/2024\/06\/ref-veka_river-loft-hotel_bunsbuettel_res_21_9_w2205-1024x439.jpg 1024w, https:\/\/www.fereastraveka.ro\/blog\/wp-content\/uploads\/2024\/06\/ref-veka_river-loft-hotel_bunsbuettel_res_21_9_w2205-300x129.jpg 300w, https:\/\/www.fereastraveka.ro\/blog\/wp-content\/uploads\/2024\/06\/ref-veka_river-loft-hotel_bunsbuettel_res_21_9_w2205-768x329.jpg 768w, https:\/\/www.fereastraveka.ro\/blog\/wp-content\/uploads\/2024\/06\/ref-veka_river-loft-hotel_bunsbuettel_res_21_9_w2205-1536x658.jpg 1536w, https:\/\/www.fereastraveka.ro\/blog\/wp-content\/uploads\/2024\/06\/ref-veka_river-loft-hotel_bunsbuettel_res_21_9_w2205-2048x878.jpg 2048w, https:\/\/www.fereastraveka.ro\/blog\/wp-content\/uploads\/2024\/06\/ref-veka_river-loft-hotel_bunsbuettel_res_21_9_w2205-1200x514.jpg 1200w, https:\/\/www.fereastraveka.ro\/blog\/wp-content\/uploads\/2024\/06\/ref-veka_river-loft-hotel_bunsbuettel_res_21_9_w2205-1980x849.jpg 1980w\" sizes=\"(max-width: 1024px) 100vw, 1024px\" \/><\/figure>\n\n\n\n<p><strong>Op\u021biuni de accesorii \u0219i personalizare SOFTLINE 76<\/strong><\/p>\n\n\n\n<p>SOFTLINE 76 are la dispozi\u021bie \u00eentreaga palet\u0103 de personaliz\u0103ri VEKA. Oferta include <a href=\"https:\/\/fereastraveka.ro\/solutii_tehnice\/gama_de_culori\">peste 50 de folieri \u00een culori RAL \u0219i imita\u021bii lemnoase<\/a>, placare cu aluminiu la exterior \u0219i vopsire electrostatic\u0103 \u00een peste 2.000 de nuan\u021be RAL, c\u00e2t \u0219i textura unic\u0103 a tehnologiei <a href=\"https:\/\/fereastraveka.ro\/spectral\/\">VEKA SPECTRAL<\/a>. \u00cen privin\u021ba accesoriilor, la fel ca toate profilele VEKA pentru ferestre termoizolante, SOFTLINE 76 poate acomoda <a href=\"https:\/\/fereastraveka.ro\/solutii_tehnice\/categ\/accesorii\/sprosuri\">\u0219prosuri<\/a> interioare, aplicate sau inserate \u0219i poate fi prev\u0103zut cu sistem de ventila\u021bie continu\u0103 pentru aerisire, eliminarea umidit\u0103\u021bii \u0219i prevenirea apari\u021biei mucegaiului \u00een camere cu umiditate ridicat\u0103.<\/p>\n\n\n\n<figure class=\"wp-block-image size-large\"><img loading=\"lazy\" width=\"1024\" height=\"924\" src=\"https:\/\/www.fereastraveka.ro\/blog\/wp-content\/uploads\/2024\/06\/technische-details-softline-76-md-1080x975-1-1024x924.jpg\" alt=\"\" class=\"wp-image-1108\" srcset=\"https:\/\/www.fereastraveka.ro\/blog\/wp-content\/uploads\/2024\/06\/technische-details-softline-76-md-1080x975-1-1024x924.jpg 1024w, https:\/\/www.fereastraveka.ro\/blog\/wp-content\/uploads\/2024\/06\/technische-details-softline-76-md-1080x975-1-300x271.jpg 300w, https:\/\/www.fereastraveka.ro\/blog\/wp-content\/uploads\/2024\/06\/technische-details-softline-76-md-1080x975-1-768x693.jpg 768w, https:\/\/www.fereastraveka.ro\/blog\/wp-content\/uploads\/2024\/06\/technische-details-softline-76-md-1080x975-1.jpg 1080w\" sizes=\"(max-width: 1024px) 100vw, 1024px\" \/><\/figure>\n\n\n\n<p><strong>Cu sau f\u0103r\u0103 garnitur\u0103 median\u0103?<\/strong><\/p>\n\n\n\n<p>Garnitura median\u0103 se dovede\u0219te o necesitate \u00een cazul ferestrelor expuse la precipita\u021bii intense, v\u00e2nt puternic \u0219i zgomot. Locuin\u021bele la care ferestrele cu garnitur\u0103 median\u0103 se potrivesc de minune, sunt apartamentele situate la etajele superioare ale blocurilor, cl\u0103diri amplasate \u00een zone urbane cu trafic intens sau re\u0219edin\u021be \u0219i birouri aflate \u00een vecin\u0103tatea unor surse de zgomot accentuat \u0219i prelungit, precum stadioane, cluburi, g\u0103ri feroviare, fabrici, \u0219antiere \u0219i pie\u021be aglomerate. Totu\u0219i, a\u0219a cum se \u00eent\u00e2mpl\u0103 \u0219i \u00een cazul eficien\u021bei termice, garnitura median\u0103 \u0219i profilul contribuie la eficien\u021ba energetic\u0103 \u0219i izolarea acustic\u0103 a ferestrelor, dar nu suplinesc performan\u021ba pachetului de geam. Astfel, pentru confort superior termic \u0219i fonic, fereastra ideal\u0103 are nevoie de pachet de geam cu 3 foi de sticl\u0103, gaz inert \u0219i geam de 6-8mm la interior \u0219i exterior, clasic sau laminat. \u00cen cifre, cu pachetul de geam potrivit, ferestrele cu profil SOFTLINE 76 pot ajunge la un coeficient de izolare fonic\u0103 Rw de p\u00e2n\u0103 la 47dB.<\/p>\n","protected":false},"excerpt":{"rendered":"<p>Alegerea profilului perfect pentru ferestrele noii case sau pentru reabilitarea actualei locuin\u021be, f\u0103r\u0103 a consulta un specialist, poate fi un proces destul de anevoios. C\u00e2nd se porne\u0219te de la zero, acest proces implic\u0103 un studiu de ansamblu al eficien\u021bei termice a cl\u0103dirilor, consultarea normativelor \u00een vigoare, alegerea solu\u021biei pentru vitraj, g\u0103sirea profilului care s\u0103 fac\u0103 [&hellip;]<\/p>\n","protected":false},"author":2,"featured_media":1104,"comment_status":"closed","ping_status":"open","sticky":false,"template":"","format":"standard","meta":[],"categories":[1],"tags":[],"acf":[],"_links":{"self":[{"href":"https:\/\/www.fereastraveka.ro\/blog\/wp-json\/wp\/v2\/posts\/1101"}],"collection":[{"href":"https:\/\/www.fereastraveka.ro\/blog\/wp-json\/wp\/v2\/posts"}],"about":[{"href":"https:\/\/www.fereastraveka.ro\/blog\/wp-json\/wp\/v2\/types\/post"}],"author":[{"embeddable":true,"href":"https:\/\/www.fereastraveka.ro\/blog\/wp-json\/wp\/v2\/users\/2"}],"replies":[{"embeddable":true,"href":"https:\/\/www.fereastraveka.ro\/blog\/wp-json\/wp\/v2\/comments?post=1101"}],"version-history":[{"count":5,"href":"https:\/\/www.fereastraveka.ro\/blog\/wp-json\/wp\/v2\/posts\/1101\/revisions"}],"predecessor-version":[{"id":1109,"href":"https:\/\/www.fereastraveka.ro\/blog\/wp-json\/wp\/v2\/posts\/1101\/revisions\/1109"}],"wp:featuredmedia":[{"embeddable":true,"href":"https:\/\/www.fereastraveka.ro\/blog\/wp-json\/wp\/v2\/media\/1104"}],"wp:attachment":[{"href":"https:\/\/www.fereastraveka.ro\/blog\/wp-json\/wp\/v2\/media?parent=1101"}],"wp:term":[{"taxonomy":"category","embeddable":true,"href":"https:\/\/www.fereastraveka.ro\/blog\/wp-json\/wp\/v2\/categories?post=1101"},{"taxonomy":"post_tag","embeddable":true,"href":"https:\/\/www.fereastraveka.ro\/blog\/wp-json\/wp\/v2\/tags?post=1101"}],"curies":[{"name":"wp","href":"https:\/\/api.w.org\/{rel}","templated":true}]}}