{"id":1227,"date":"2025-04-18T12:36:16","date_gmt":"2025-04-18T09:36:16","guid":{"rendered":"https:\/\/www.fereastraveka.ro\/blog\/?p=1227"},"modified":"2025-04-21T12:59:42","modified_gmt":"2025-04-21T09:59:42","slug":"cum-te-poti-pregati-pentru-liberalizarea-preturilor-la-energie-reducand-costurile-cu-sisteme-de-clasa-a","status":"publish","type":"post","link":"https:\/\/www.fereastraveka.ro\/blog\/cum-te-poti-pregati-pentru-liberalizarea-preturilor-la-energie-reducand-costurile-cu-sisteme-de-clasa-a\/","title":{"rendered":"Cum te po\u021bi preg\u0103ti pentru liberalizarea pre\u021burilor la energie reduc\u00e2nd costurile cu sisteme de Clasa A"},"content":{"rendered":"\n<p>Conform celor mai recente prevederi, compensarea pl\u0103tit\u0103 din bugetul de stat pentru consumul de energie electric\u0103 va fi eliminat\u0103 din data de 1 iulie 2025, iar cea pentru consumul de gaze naturale, \u00eencep\u00e2nd cu 1 aprilie 2026. Chiar dac\u0103 aceast\u0103 retragere a compens\u0103rii, cunoscut\u0103 \u0219i ca liberalizarea pre\u021burilor la energie sau eliminarea plafon\u0103rii pre\u021burilor la energie, este v\u0103zut\u0103 \u00een general ca o scumpire, \u00een realitate ea era suportat\u0103 de to\u021bi contribuabilii, consumatori sau nu de energie achizi\u021bionat\u0103 de la furnizori, prin contribu\u021biile pl\u0103tite la bugetul de stat. \u021ain\u00e2nd cont c\u0103 tot mai mul\u021bi rom\u00e2ni devin prosumatori \u0219i c\u0103 \u00een multe zone rurale soba cu lemne este \u00eenc\u0103 principala surs\u0103 de c\u0103ldur\u0103, acest mecanism nu era tocmai unul corect pentru toat\u0103 lumea. \u00cen plus, aceast\u0103 schem\u0103 de compensare \u201dascundea\u201d pre\u021burile reale pentru 1 kilowatt-or\u0103 (kWh) de curent electric sau gaze, \u00eencuraj\u00e2nd \u00eentr-o anumit\u0103 m\u0103sur\u0103 \u0219i consumul excesiv. Prin urmare, de\u0219i este o afirma\u021bie nepopular\u0103, scumpirile care se vehiculeaz\u0103 a fi de 80-100% pentru energie electric\u0103 \u0219i de aproximativ 20% pentru gaze, vor aduce beneficii care includ con\u0219tientizarea consumului, evitarea risipei \u0219i a emisiilor de gaze cu efect de ser\u0103 sau conservarea resurselor naturale. Mai mult dec\u00e2t at\u00e2t, orice problem\u0103 are \u0219i solu\u021bii, iar \u00een continuarea articolului ne vom concentra asupra modalit\u0103\u021bilor prin care se pot reduce facturile la gaze \u0219i curent electric.<\/p>\n\n\n\n<p><strong>Ferestre de Clasa A, eficiente energetic \u0219i durabile<\/strong> Probabil ai mai auzit aceasta expresie de multe ori, \u00eens\u0103 este una excep\u021bional\u0103 \u0219i merit\u0103 amintit\u0103 ori de c\u00e2te ori avem ocazia: \u201dCel mai ieftin kilowatt-or\u0103 este cel pe care nu \u00eel consumi\u201d. Secretul este eficien\u021ba energetic\u0103 pe toate palierele. Cele mai mari consumatoare de gaze \u0219i energie electric\u0103 dintr-o locuin\u021b\u0103 sunt \u00een 99% din cazuri aparatele care asigur\u0103 confortul termic, mai exact, centralele termice \u0219i aparatele de aer condi\u021bionat. Consumul acestora variaz\u0103 \u0219i poate fi redus prin alegerea unora cu tehnologii noi \u0219i clase energetice superioare. Cu toate acestea, oric\u00e2t ar fi de eficiente, \u00een timpul iernilor friguroase \u0219i al verilor toride, impactul utiliz\u0103rii lor se reg\u0103se\u0219te imediat \u00een facturile de gaz \u0219i curent electric. Ce se poate face \u00een acest caz este verificarea performan\u021bei cl\u0103dirii \u00een materie de termoizolare, iar primele elemente pe care trebuie s\u0103 le ai \u00een vedere sunt ferestrele, ineficien\u021ba acestor put\u00e2nd duce la pierderi de p\u00e2n\u0103 45% din energia termic\u0103. Aceast\u0103 ineficien\u021b\u0103 poate \u00eensemna c\u0103 sunt vechi \u0219i neperformante prin natura lor, c\u0103 sunt ineficiente datorit\u0103 vitrajului \u0219i a t\u00e2mpl\u0103riei de slab\u0103 calitate sau c\u0103 prezint\u0103 defec\u021biuni care \u00eempiedic\u0103 \u00eenchiderea etan\u0219\u0103. Dac\u0103 acestea din urm\u0103 apar la doar c\u00e2\u021biva ani dup\u0103 montaj, este foarte posibil s\u0103 fii victima unui profil de clas\u0103 inferioar\u0103. &nbsp;\u00cen aceste condi\u021bii, repara\u021biile sunt inutile, deoarece un profil curbat, fisurat &nbsp;sau care nu se mai \u021bine bine \u00een balamale, nu va mai atinge nici m\u0103car performan\u021bele pe care le avea c\u00e2nd era nou, indiferent de interven\u021bie. Iar dac\u0103 pare c\u0103 \u0219i-a \u201drevenit\u201d, minunea nu va fi de durat\u0103. Revenind la solu\u021bii, \u00een toate cele 3 cazuri de mai sus, cea mai bun\u0103 recomandare este \u00eenlocuirea ferestrelor cu unele noi, cu performan\u021b\u0103 certificat\u0103 \u0219i montaj profesional. <\/p>\n\n\n\n<figure class=\"wp-block-embed is-type-video is-provider-youtube wp-block-embed-youtube wp-embed-aspect-16-9 wp-has-aspect-ratio\"><div class=\"wp-block-embed__wrapper\">\n<iframe loading=\"lazy\" title=\"Eficien\u0163\u0103 termic\u0103 maxim\u0103\" width=\"580\" height=\"326\" src=\"https:\/\/www.youtube.com\/embed\/8sO2z4qpT2o?feature=oembed\" frameborder=\"0\" allow=\"accelerometer; autoplay; clipboard-write; encrypted-media; gyroscope; picture-in-picture; web-share\" referrerpolicy=\"strict-origin-when-cross-origin\" allowfullscreen><\/iframe>\n<\/div><\/figure>\n\n\n\n<p>Dac\u0103 alegi VEKA, tot acest proces este simplificat, compania german\u0103 colabor\u00e2nd doar cu parteneri acredita\u021bi de proiectare, execu\u021bie \u0219i <a href=\"https:\/\/www.fereastraveka.ro\/oferta_tamplarie_pvc\">montaj ferestre termoizolante<\/a>, \u00een timp ce toate sistemele companiei sunt exclusiv de Clasa A \u0219i au o durat\u0103 de via\u021b\u0103 estimat\u0103 la 50 de ani. Alegerea sistemului potrivit este \u0219i ea simpl\u0103, VEKA p\u0103str\u00e2nd \u00een portofoliu doar c\u00e2teva op\u021biuni cu acoperire larg\u0103, toate conforme cu standardul nZEB c\u00e2nd se alege \u0219i un vitraj de calitate. Op\u021biunile VEKA \u00eencep cu <a href=\"https:\/\/www.fereastraveka.ro\/blog\/softline-70ad-nivelul-standard-pentru-ferestre-de-clasa-a\/\">SOFTLINE 70<\/a> \u2013 perfect pentru apartamente aflate la etaje intermediare sau \u00eenchiderea balcoanelor, continu\u0103 cu <a href=\"https:\/\/www.fereastraveka.ro\/blog\/softline-76-profilul-veka-pentru-ferestre-cu-echilibru-optim-cost-performanta\/\">SOFTLINE 76<\/a> \u2013 solu\u021bia cu echilibrul ideal pre\u021b\/performan\u021b\u0103, indicat\u0103 indiferent de tipul locuin\u021bei, \u0219i se \u00eencheie cu v\u00e2rful de gam\u0103 <a href=\"https:\/\/www.fereastraveka.ro\/blog\/veka-softline-82-un-sistem-versatil-pentru-case-pasive\/\">SOFTLINE 82<\/a> \u2013 un sistem cu ajutorul c\u0103ruia se pot realiza ferestre cu cel mai ridicat nivel de eficien\u021b\u0103 energetic\u0103, apt chiar \u0219i pentru case pasive. Ce ar mai fi de men\u021bionat aici este c\u0103 sistemele VEKA sunt utilizate la adev\u0103rata lor valoare atunci c\u00e2nd fac echip\u0103 cu pachet de geam tripan cu gaz inert \u0219i foi de sticl\u0103 Solar4S &amp; Low-E. \u00cen aceste configura\u021bii, ferestrele cu profil VEKA ofer\u0103 cele mai mari economii de energie, fie var\u0103, fie iarn\u0103. Nu \u00een ultimul r\u00e2nd, re\u021bine c\u0103 pentru a reduce facturile la energie, performan\u021ba ferestrelor trebuie completat\u0103 de termoizolarea pere\u021bilor. Chiar dac\u0103 schimbarea ferestrelor cu unele de eficiente de Clasa A produce efecte sim\u021bitoare \u0219i de durat\u0103 \u00een ceea ce prive\u0219te confortul, pentru a te bucura de eficien\u021b\u0103 energetic\u0103, \u00eentreaga cl\u0103dire trebuie reabilitat\u0103 termic.<\/p>\n\n\n\n<p><strong>Nu l\u0103sa liberalizarea s\u0103 te ia pe nepreg\u0103tite<\/strong><\/p>\n\n\n\n<p>Dac\u0103 te-ai hot\u0103r\u00e2t s\u0103 faci pasul spre noile tale ferestre nZEB cu sistem VEKA \u00eenainte de liberalizarea pre\u021burilor la energie, ia \u00een calcul faptul c\u0103 poate dura \u00een jur de 4 s\u0103pt\u0103m\u00e2ni din momentul \u00een care plasezi comanda \u0219i p\u00e2n\u0103 c\u00e2nd se realizeaz\u0103 montajul. Motivele sunt durata procesului de agreare a ofertei \u0219i alegerea <a href=\"https:\/\/www.fereastraveka.ro\/solutii_tehnice\/gama_de_culori\">personaliz\u0103rii perfecte<\/a>, realizarea m\u0103sur\u0103torilor, timpul de a\u0219teptare p\u00e2n\u0103 la intrarea \u00een produc\u021bie \u0219i gradul de ocupare al echipelor de montaj. Asta se \u00eent\u00e2mpl\u0103 \u00een mod obi\u0219nuit pe timp de var\u0103, atunci c\u00e2nd toat\u0103 lumea \u00ee\u0219i programeaz\u0103 renov\u0103rile. \u00cen plus, aceast\u0103 liberalizare este un stimul care \u00eei va determina pe mul\u021bi s\u0103 comande ferestre termoizolante, a\u0219a cum s-a \u00eent\u00e2mplat \u0219i cu sistemele fotovoltaice, iar acest aspect ar putea ad\u0103uga zile sau chiar s\u0103pt\u0103m\u00e2ni timpului de a\u0219teptare. <\/p>\n\n\n\n<figure class=\"wp-block-image size-large\"><img loading=\"lazy\" width=\"1024\" height=\"683\" src=\"https:\/\/www.fereastraveka.ro\/blog\/wp-content\/uploads\/2025\/04\/2.-Veka-Arad-0431-1024x683.jpg\" alt=\"\" class=\"wp-image-1229\" srcset=\"https:\/\/www.fereastraveka.ro\/blog\/wp-content\/uploads\/2025\/04\/2.-Veka-Arad-0431-1024x683.jpg 1024w, https:\/\/www.fereastraveka.ro\/blog\/wp-content\/uploads\/2025\/04\/2.-Veka-Arad-0431-300x200.jpg 300w, https:\/\/www.fereastraveka.ro\/blog\/wp-content\/uploads\/2025\/04\/2.-Veka-Arad-0431-768x513.jpg 768w, https:\/\/www.fereastraveka.ro\/blog\/wp-content\/uploads\/2025\/04\/2.-Veka-Arad-0431-1200x801.jpg 1200w, https:\/\/www.fereastraveka.ro\/blog\/wp-content\/uploads\/2025\/04\/2.-Veka-Arad-0431.jpg 1500w\" sizes=\"(max-width: 1024px) 100vw, 1024px\" \/><\/figure>\n\n\n\n<p><strong>Electrocasnice eficiente \u0219i obiceiuri sustenabile<\/strong><\/p>\n\n\n\n<p>A\u0219a cum am stabilit deja, \u00eenc\u0103lzirea \u0219i r\u0103cirea locuin\u021belor au cel mai mare impact asupra consumului de energie. O bun\u0103 termoizolare duce la economii de energie prin reducerea timpului de func\u021bionare al echipamentelor de \u00eenc\u0103lzire\/r\u0103cire \u0219i le potole\u0219te setea de kWh, nemaifiind nevoite s\u0103 produc\u0103 5-6 grade \u00een plus sau \u00een minus pentru a compensa pierderile \u0219i a ne asigura o temperatur\u0103 de confort. Pe de alt\u0103 parte, \u00een fiecare cas\u0103 exist\u0103 multe alte electrocasnice care, pe l\u00e2ng\u0103 consum de energie, genereaz\u0103 c\u0103ldur\u0103 \u00een plus pe timp de var\u0103, atunci c\u00e2nd nu sunt eficiente sau nu sunt folosite eficient.<\/p>\n\n\n\n<p>Frigiderele, l\u0103zile frigorifice, ma\u0219inile de sp\u0103lat \u0219i usc\u0103toarele de rufe sunt o parte dintre electrocasnicele cu un consum ridicat de energie \u0219i care produc c\u0103ldur\u0103 \u00een timpul func\u021bion\u0103rii. Pe l\u00e2ng\u0103 sfaturile clasice de reducere a consumului de energie \u2013 alegerea unora eficiente, \u00eenc\u0103rcare optim\u0103, set\u0103ri eco etc. \u2013 se poate reduce disconfortul termic \u0219i acustic produs de acestea prin amplasarea lor \u00een camere \u00eenchise, pozi\u021bionate pe Nord ori \u00een subsol, \u00een cazul caselor prev\u0103zute cu astfel de spa\u021bii. Pentru un plus de confort pe timp de var\u0103, mai ales dac\u0103 astfel de electrocasnice nu pot fi \u021binute dec\u00e2t pe hol, \u00een baie sau buc\u0103t\u0103rie, se pot monta rulouri exterioare pentru ferestre, care s\u0103 elimine impactul razelor solare asupra locuin\u021bei. <\/p>\n\n\n\n<figure class=\"wp-block-image size-large\"><img loading=\"lazy\" width=\"1024\" height=\"658\" src=\"https:\/\/www.fereastraveka.ro\/blog\/wp-content\/uploads\/2025\/04\/3.-Bacau-0453-1024x658.jpg\" alt=\"\" class=\"wp-image-1230\" srcset=\"https:\/\/www.fereastraveka.ro\/blog\/wp-content\/uploads\/2025\/04\/3.-Bacau-0453-1024x658.jpg 1024w, https:\/\/www.fereastraveka.ro\/blog\/wp-content\/uploads\/2025\/04\/3.-Bacau-0453-300x193.jpg 300w, https:\/\/www.fereastraveka.ro\/blog\/wp-content\/uploads\/2025\/04\/3.-Bacau-0453-768x494.jpg 768w, https:\/\/www.fereastraveka.ro\/blog\/wp-content\/uploads\/2025\/04\/3.-Bacau-0453-1200x771.jpg 1200w, https:\/\/www.fereastraveka.ro\/blog\/wp-content\/uploads\/2025\/04\/3.-Bacau-0453.jpg 1500w\" sizes=\"(max-width: 1024px) 100vw, 1024px\" \/><\/figure>\n\n\n\n<p>Prezen\u021ba rulourilor exterioare \u00ee\u0219i va face imediat sim\u021bit\u0103 prezen\u021ba \u00een timpul zilelor toride, mai ales c\u00e2nd acoper\u0103 ferestre pozi\u021bionate spre Sud \u0219i expuse toat\u0103 ziua luminii solare. \u00cen plus, ele protejeaz\u0103 fereastra de intemperii, iar c\u00e2nd este ales unul antiefrac\u021bie, protejeaz\u0103 \u00eentreaga locuin\u021b\u0103 de vizite nedorite.<\/p>\n\n\n\n<p>Pe l\u00e2ng\u0103 marii consumatori de mai sus, casele noastre s-au umplut de gadgeturi \u0219i electronice care, \u00eempreun\u0103, pot avea un consum semnificativ de electricitate pe parcursul unui an. Recomand\u0103rile pentru reducerea consumului \u00een aceast\u0103 categorie sunt \u00eenlocuirea becurilor cu unele LED, folosirea veiozelor \u0219i a spoturilor cu becuri de putere mic\u0103 atunci c\u00e2nd nu este necesar\u0103 iluminarea \u00eentregii \u00eenc\u0103peri, alegerea unui aspirator eficient (nu este nevoie de 1.000W pentru a str\u00e2nge praful de pe gresie sau parchet) \u0219i scoaterea din priz\u0103 a electrocasnicele pe care nu le folose\u0219ti un timp \u00eendelungat, inclusiv a \u00eenc\u0103rc\u0103toarelor pentru telefoane, tablete \u0219i laptop. Chiar dac\u0103 \u00eenc\u0103rc\u0103toarele noi \u0219i electronicele moderne, l\u0103sate \u00een priz\u0103, au ajuns s\u0103 aib\u0103 consumuri infime, luate laolalt\u0103, pot consuma c\u00e2teva zeci de kW f\u0103r\u0103 niciun rost.<\/p>\n\n\n\n<p>\u00cen schimb, electronicele pe care merit\u0103 s\u0103 le la\u0219i \u00een func\u021biune sunt termostatele \u0219i temporizatoarele inteligente pentru central\u0103 termic\u0103 \u0219i aer condi\u021bionat. Cu ajutorul acestora, \u0219i condi\u021bia ca locuin\u021ba ta s\u0103 fie termoizolat\u0103, po\u021bi seta temperaturi independente pentru fiecare camer\u0103 \u0219i po\u021bi alege intervalele de func\u021bionare astfel \u00eenc\u00e2t centrala sau aerul condi\u021bionat s\u0103 nu porneasc\u0103 pentru 1-2 grade c\u00e2t timp nu e\u0219ti acas\u0103.<\/p>\n","protected":false},"excerpt":{"rendered":"<p>Conform celor mai recente prevederi, compensarea pl\u0103tit\u0103 din bugetul de stat pentru consumul de energie electric\u0103 va fi eliminat\u0103 din data de 1 iulie 2025, iar cea pentru consumul de gaze naturale, \u00eencep\u00e2nd cu 1 aprilie 2026. Chiar dac\u0103 aceast\u0103 retragere a compens\u0103rii, cunoscut\u0103 \u0219i ca liberalizarea pre\u021burilor la energie sau eliminarea plafon\u0103rii pre\u021burilor la [&hellip;]<\/p>\n","protected":false},"author":2,"featured_media":1228,"comment_status":"closed","ping_status":"open","sticky":false,"template":"","format":"standard","meta":[],"categories":[1],"tags":[57,10,33,5],"acf":[],"_links":{"self":[{"href":"https:\/\/www.fereastraveka.ro\/blog\/wp-json\/wp\/v2\/posts\/1227"}],"collection":[{"href":"https:\/\/www.fereastraveka.ro\/blog\/wp-json\/wp\/v2\/posts"}],"about":[{"href":"https:\/\/www.fereastraveka.ro\/blog\/wp-json\/wp\/v2\/types\/post"}],"author":[{"embeddable":true,"href":"https:\/\/www.fereastraveka.ro\/blog\/wp-json\/wp\/v2\/users\/2"}],"replies":[{"embeddable":true,"href":"https:\/\/www.fereastraveka.ro\/blog\/wp-json\/wp\/v2\/comments?post=1227"}],"version-history":[{"count":2,"href":"https:\/\/www.fereastraveka.ro\/blog\/wp-json\/wp\/v2\/posts\/1227\/revisions"}],"predecessor-version":[{"id":1232,"href":"https:\/\/www.fereastraveka.ro\/blog\/wp-json\/wp\/v2\/posts\/1227\/revisions\/1232"}],"wp:featuredmedia":[{"embeddable":true,"href":"https:\/\/www.fereastraveka.ro\/blog\/wp-json\/wp\/v2\/media\/1228"}],"wp:attachment":[{"href":"https:\/\/www.fereastraveka.ro\/blog\/wp-json\/wp\/v2\/media?parent=1227"}],"wp:term":[{"taxonomy":"category","embeddable":true,"href":"https:\/\/www.fereastraveka.ro\/blog\/wp-json\/wp\/v2\/categories?post=1227"},{"taxonomy":"post_tag","embeddable":true,"href":"https:\/\/www.fereastraveka.ro\/blog\/wp-json\/wp\/v2\/tags?post=1227"}],"curies":[{"name":"wp","href":"https:\/\/api.w.org\/{rel}","templated":true}]}}