{"id":1315,"date":"2025-09-17T11:33:28","date_gmt":"2025-09-17T08:33:28","guid":{"rendered":"https:\/\/www.fereastraveka.ro\/blog\/?p=1315"},"modified":"2025-09-18T18:47:50","modified_gmt":"2025-09-18T15:47:50","slug":"cum-iti-pregatesti-casa-pentru-iarna-verificari-simple-pentru-ferestre-si-usi","status":"publish","type":"post","link":"https:\/\/www.fereastraveka.ro\/blog\/cum-iti-pregatesti-casa-pentru-iarna-verificari-simple-pentru-ferestre-si-usi\/","title":{"rendered":"Cum \u00ee\u021bi preg\u0103te\u0219ti casa pentru iarn\u0103: verific\u0103ri simple pentru ferestre \u0219i u\u0219i"},"content":{"rendered":"\n<p>Micile probleme care nu sunt rezolvate prompt, adesea simplu \u0219i rapid, au tendin\u021ba de a se agrava \u00een timp, solicit\u00e2nd mai t\u00e2rziu solu\u021bii mai complicate \u0219i mai costisitoare. A\u0219a cum se \u00eent\u00e2mpl\u0103 \u00een cazul unui autoturism, utilaj, construc\u021bie sau \u00een s\u0103n\u0103tate, la fel se \u00eent\u00e2mpl\u0103 \u0219i \u00een cazul u\u0219ilor \u0219i ferestrelor, expuse 24h\/24h factorilor climatici. Ce trebuie \u0219tiut \u00een cazul acestor ansamble de t\u00e2mpl\u0103rie este c\u0103 cea mai important\u0103 component\u0103 a lor, cea care ofer\u0103 stabilitate \u0219i durabilitate \u00eentregii ferestre sau u\u0219i termoizolante, este profilul. Un vitraj spart sau care prezint\u0103 condens \u00eentre foi se poate schimba destul de u\u0219or, repararea hidroizola\u021biei din jurul ferestrei este pu\u021bin mai dificil\u0103, dar posibil\u0103, anumite elemente de feronerie se pot \u00eenlocui \u0219i ele, iar garniturile intr\u0103 oricum \u00een categoria consumabilelor dac\u0103 ne g\u00e2ndim la \u00eentreaga perioad\u0103 de via\u021b\u0103 a unei ferestre.<\/p>\n\n\n\n<p>\u00cen schimb, atunci c\u00e2nd profilul se fisureaz\u0103 la col\u021buri, cedeaz\u0103 \u00een dreptul prinderii \u00een \u0219uruburi sau se curbeaz\u0103, \u00eentreaga fereastr\u0103 sau u\u0219\u0103 este compromis\u0103 \u0219i trebuie schimbat\u0103 complet. Astfel de probleme pot ap\u0103rea datorit\u0103 unor erori \u00een timpul produc\u021biei de t\u00e2mpl\u0103rie, montajului defectuos sau a profilului de slab\u0103 calitate, iar \u00een timpul utiliz\u0103rii, ca urmare a cur\u0103\u021b\u0103rii cu substan\u021be improprii sau a factorilor mecanici, bine\u00een\u021beles.<\/p>\n\n\n\n<p>Pentru a preveni apari\u021bia acestor probleme, VEKA a \u00eencheiat parteneriate doar cu produc\u0103tori capabili s\u0103 produc\u0103 t\u00e2mpl\u0103rie ce respect\u0103 standardele stricte ale companiei, \u00een timp ce sistemele sale exclusiv de Clasa A sunt proiectate, produse \u0219i testate s\u0103 reziste la orice provocare normal\u0103 ce poate ap\u0103rea \u00een timpul utiliz\u0103rii ori caracteristic\u0103 diferitor zone climatice. Aceast\u0103 rezisten\u021b\u0103 se datoreaz\u0103 <a href=\"https:\/\/www.fereastraveka.ro\/blog\/cum-se-fabrica-un-profil-pvc\/\">re\u021betei proprii de PVC<\/a>, unui control riguros al calit\u0103\u021bii \u0219i peretelui exterior cu grosime de 3mm, care dep\u0103\u0219e\u0219te cu 0,2mm cerin\u021bele standardului european SR EN 12608 pentru Clasa A (min. 2,8mm).<\/p>\n\n\n\n<figure class=\"wp-block-embed is-type-video is-provider-youtube wp-block-embed-youtube wp-embed-aspect-16-9 wp-has-aspect-ratio\"><div class=\"wp-block-embed__wrapper\">\n<iframe loading=\"lazy\" title=\"Durabilitate pentru casa ta\" width=\"580\" height=\"326\" src=\"https:\/\/www.youtube.com\/embed\/AcDTj2_vW0c?feature=oembed\" frameborder=\"0\" allow=\"accelerometer; autoplay; clipboard-write; encrypted-media; gyroscope; picture-in-picture; web-share\" referrerpolicy=\"strict-origin-when-cross-origin\" allowfullscreen><\/iframe>\n<\/div><\/figure>\n\n\n\n<p>Ace\u0219ti 3mm, de\u0219i par o nimica toat\u0103, \u00eenseamn\u0103 20% mai mult\u0103 rezisten\u021b\u0103 la rupere \u00een col\u021buri, 20% mai mult\u0103 rezisten\u021b\u0103 la smulgerea \u0219uruburilor \u0219i 12% mai mult\u0103 rezisten\u021b\u0103 la curbare, \u00een compara\u021bie cu cele din clasa inferioar\u0103. Cu alte cuvinte, sistemele VEKA rezist\u0103 mai bine chiar \u0219i dec\u00e2t unele din aceea\u0219i clas\u0103 la razele soarelui \u0219i temperaturi extreme, pot sus\u021bine pachete grele de geam cu trei foi \u0219i suprafe\u021be extinse, <a href=\"https:\/\/www.fereastraveka.ro\/blog\/cum-arata-oferta-de-clasa-a-pentru-ferestre-si-usi-termoizolante\/\">fac fa\u021b\u0103 cu brio rafalelor puternice de v\u00e2nt<\/a> \u0219i \u00ee\u0219i p\u0103streaz\u0103 toate aceste propriet\u0103\u021bi timp de zeci de ani. Mul\u021bumit\u0103 tuturor acestor caracteristici, VEKA ofer\u0103 o garan\u021bie de 10 ani pentru toate sistemele sale, albe, \u00eenfoliate \u00een cele peste <a href=\"https:\/\/www.fereastraveka.ro\/solutii_tehnice\/gama_de_culori\">80 de nuan\u021be RAL \u0219i imita\u021bii de esen\u021be lemnoase<\/a> sau purt\u00e2nd amprenta unic\u0103 a tehnologiilor exclusive <a href=\"https:\/\/www.fereastraveka.ro\/blog\/veka-feinstruktur-a-devenit-rapid-una-dintre-cele-mai-populare-solutii-de-personalizare-pentru-ferestre-si-usi-termoizolante-iata-de-ce\/\">FEINSTRUKTUR<\/a> \u0219i <a href=\"https:\/\/www.fereastraveka.ro\/blog\/de-ce-sa-alegi-finisajul-spectral-pentru-fereastra-ta-veka\/\">SPECTRAL<\/a>.<\/p>\n\n\n\n<p>\u00cen plus, dac\u0103 sunt \u00eentre\u021binute corespunz\u0103tor, potrivit instruc\u021biunilor oficiale pe care le vom prezenta \u00een acest articol, eficien\u021ba energetic\u0103 <a href=\"https:\/\/www.fereastraveka.ro\/blog\/conditiile-nzeb-pot-fi-indeplinite-cu-orice-sistem-veka-de-clasa-a\/\">nZEB<\/a> adus\u0103 de ferestrele \u0219i u\u0219ile termoizolante cu sistem VEKA poate dep\u0103\u0219i cu u\u0219urin\u021b\u0103 chiar \u0219i durata de via\u021b\u0103 estimat\u0103 la 50 de ani.<\/p>\n\n\n\n<p>\u00cen ce prive\u0219te preg\u0103tirile pentru sezonul rece, iat\u0103 \u00een continuare c\u00e2\u021biva pa\u0219i care te pot ajuta s\u0103 cre\u0219ti confortul \u0219i s\u0103 reduci consumul de energie, acord\u00e2nd doar pu\u021bin\u0103 aten\u021bie la ferestre \u0219i u\u0219i de exterior.<\/p>\n\n\n\n<p><strong>O privire de ansamblu<\/strong> <\/p>\n\n\n\n<p>Defectele majore ale unei ferestre sau u\u0219i termoizolante, precum fisuri ale geamului, probleme de manevrare sau deform\u0103ri ale profilului sunt destul de vizibile \u0219i indic\u0103 limpede nevoia unor repara\u021bii urgente, a\u0219a c\u0103 nu vom insista asupra acestora. Ce dorim s\u0103 aducem \u00een discu\u021bie sunt semnele mai subtile care ne avertizeaz\u0103 c\u0103 ar fi timpul s\u0103 chem\u0103m un profesionist pentru a investiga starea ferestrei. Printre aceste semne se num\u0103r\u0103 prezen\u021ba unor mici puncte negre de mucegai ap\u0103rute vara \u00een zona ferestrei. Pete sau d\u00e2re g\u0103lbui ap\u0103rute pe zidul din jurul ferestrei, chiar dac\u0103 fereastra nu a stat deschis\u0103 \u00een timpul ploilor. Curentul care se simte l\u00e2ng\u0103 fereastra \u00eenchis\u0103 sau <a href=\"https:\/\/www.fereastraveka.ro\/blog\/linistea-un-lux-urban-ferestrele-veka-te-ajuta-sa-tii-departe-zgomotul-orasului\/\">zgomotul de afar\u0103<\/a> ce pare mai puternic dec\u00e2t \u00een trecut, tot cu fereastra \u00eenchis\u0103 \u0219i f\u0103r\u0103 surse mai puternice de zarv\u0103.<\/p>\n\n\n\n<figure class=\"wp-block-image size-large\"><img loading=\"lazy\" width=\"1024\" height=\"680\" src=\"https:\/\/www.fereastraveka.ro\/blog\/wp-content\/uploads\/2025\/09\/2.-condens-ferestre-1024x680.jpg\" alt=\"\" class=\"wp-image-1317\" srcset=\"https:\/\/www.fereastraveka.ro\/blog\/wp-content\/uploads\/2025\/09\/2.-condens-ferestre-1024x680.jpg 1024w, https:\/\/www.fereastraveka.ro\/blog\/wp-content\/uploads\/2025\/09\/2.-condens-ferestre-300x199.jpg 300w, https:\/\/www.fereastraveka.ro\/blog\/wp-content\/uploads\/2025\/09\/2.-condens-ferestre-768x510.jpg 768w, https:\/\/www.fereastraveka.ro\/blog\/wp-content\/uploads\/2025\/09\/2.-condens-ferestre-1200x797.jpg 1200w, https:\/\/www.fereastraveka.ro\/blog\/wp-content\/uploads\/2025\/09\/2.-condens-ferestre.jpg 1500w\" sizes=\"(max-width: 1024px) 100vw, 1024px\" \/><\/figure>\n\n\n\n<p>Lu\u00e2ndu-le la r\u00e2nd, <a href=\"https:\/\/www.fereastraveka.ro\/blog\/vindeka-termopanica-noua-campanie-de-comunicare-veka-dezvaluie-fricile-romanilor-legate-de-ferestre\/\">mucegaiul<\/a> apare pe suprafe\u021be umede, reci \u0219i ferite de soare, prin urmare, \u00een timpul verilor toride mucegaiul nu are cum s\u0103 apar\u0103 dec\u00e2t prin subsoluri. Astfel, dac\u0103 observi puncte de mucegai vara, ai o problem\u0103 de ventila\u021bie care la iarn\u0103 va face ca mucegaiul s\u0103 se extind\u0103. Totodat\u0103, nu uita c\u0103 doar cur\u0103\u021barea mucegaiului este doar o solu\u021bie de moment. O zon\u0103 \u00een care ai avut mucegai este predispus\u0103 la acest inconvenient dac\u0103 nu se rezolv\u0103 problemele cu ventila\u021bia, cu ferestrele \u0219i cu termoizola\u021bia pere\u021bilor.<\/p>\n\n\n\n<p>Petele \u0219i dungile g\u0103lbui care apar pe suprafa\u021ba interioar\u0103 a pere\u021bilor din zona ferestrei sunt semne ale unei infiltra\u021bii de ap\u0103 din exterior. Pot avea cauze simple precum garnituri \u00eenvechite \u0219i \u00eenfundarea g\u0103urilor pentru drenaj din profil sau cauze mai complicate precum degradarea hidroizola\u021biei dintre tocul ferestrei \u0219i perete sau profil \u00eencovoiat. \u00cen general, se pot rezolva f\u0103r\u0103 \u00eenlocuirea ferestrelor, dar dac\u0103 nu ai deja ferestre cu durat\u0103 de via\u021b\u0103 estimat\u0103 la 50 de ani, ia \u00een calcul \u0219i schimbarea acestora cu montaj profesional.<\/p>\n\n\n\n<p>Zgomotul \u0219i curentul pot ap\u0103rea datorit\u0103 garniturilor care nu mai etan\u0219eaz\u0103 corect, lucru care se poate remedia u\u0219or, sau pot avea drept cauz\u0103 deformarea profilului, caz \u00een care trebuie \u00eenlocuit\u0103 cerceveaua sau \u00eentreaga fereastr\u0103.<\/p>\n\n\n\n<p>Pe l\u00e2ng\u0103 problemele descrise mai sus, pot ap\u0103rea \u0219i alte situa\u021bii neobi\u0219nuite care s-ar putea pune \u00een mod eronat pe seama unei defec\u021biuni a ferestrelor. Astfel, dac\u0103 nu \u00een\u021belegi ce se \u00eent\u00e2mpl\u0103 cu ferestrele tale, nu lua decizii pripite care te-ar putea costa scump f\u0103r\u0103 a trata cauza. Apeleaz\u0103 la un specialist \u00een t\u00e2mpl\u0103rie pentru o verificare la fa\u021ba locului \u0219i remediaz\u0103 viciile \u00eenainte s\u0103 se agraveze.<\/p>\n\n\n\n<figure class=\"wp-block-image size-large\"><img loading=\"lazy\" width=\"1024\" height=\"508\" src=\"https:\/\/www.fereastraveka.ro\/blog\/wp-content\/uploads\/2025\/09\/3.-VEKA-VEKAMOTION-82-garnitura-1024x508.jpg\" alt=\"\" class=\"wp-image-1318\" srcset=\"https:\/\/www.fereastraveka.ro\/blog\/wp-content\/uploads\/2025\/09\/3.-VEKA-VEKAMOTION-82-garnitura-1024x508.jpg 1024w, https:\/\/www.fereastraveka.ro\/blog\/wp-content\/uploads\/2025\/09\/3.-VEKA-VEKAMOTION-82-garnitura-300x149.jpg 300w, https:\/\/www.fereastraveka.ro\/blog\/wp-content\/uploads\/2025\/09\/3.-VEKA-VEKAMOTION-82-garnitura-768x381.jpg 768w, https:\/\/www.fereastraveka.ro\/blog\/wp-content\/uploads\/2025\/09\/3.-VEKA-VEKAMOTION-82-garnitura-1200x595.jpg 1200w, https:\/\/www.fereastraveka.ro\/blog\/wp-content\/uploads\/2025\/09\/3.-VEKA-VEKAMOTION-82-garnitura.jpg 1500w\" sizes=\"(max-width: 1024px) 100vw, 1024px\" \/><\/figure>\n\n\n\n<p><strong>Verific\u0103 garniturile de etan\u0219are<\/strong><\/p>\n\n\n\n<p>A\u0219a cum men\u021bionam anterior, garniturile de etan\u0219are sunt elemente consumabile, dar cu un rol important \u00een blocarea zgomotului, a precipita\u021biilor \u0219i a curen\u021bilor de aer. Dac\u0103 nu prezint\u0103 defecte vizibile, precum rupturi, buc\u0103\u021bi lips\u0103 sau desprindere de pe profil, urm\u0103torul pas este verificarea garniturilor prin ap\u0103sare u\u0219oar\u0103 \u0219i plimbarea degetului pe toat\u0103 lungimea lor. \u00cen timpul acestui test, o garnitur\u0103 aflat\u0103 \u00een stare bun\u0103 revine imediat la forma ini\u021bial\u0103, nu dezv\u0103luie fisuri \u0219i nu iese din loca\u0219ul \u00een care este prins\u0103. \u00cen schimb, dac\u0103 se constat\u0103 oricare dintre aceste defecte, nu recurge la improviza\u021bii. Pe l\u00e2ng\u0103 disconfort, o garnitur\u0103 care nu mai sigileaz\u0103 \u0219i un drenaj \u00eenfundat pot duce pe timp de iarn\u0103 la acumularea apei \u00een profil, iar c\u00e2nd aceasta \u00eenghea\u021b\u0103 \u0219i se dilat\u0103, la deteriorarea iremediabil\u0103 a profilului.<\/p>\n\n\n\n<p><strong>Nu a\u0219tepta ploile \u0219i frigul ca s\u0103 repari feroneria<\/strong><\/p>\n\n\n\n<p>Repara\u021bia feroneriei necesit\u0103 uneori demontarea cercevelei, transportul acesteia la ateliere specializate \u00een astfel de interven\u021bii \u0219i c\u00e2teva zile petrecute cu o folie \u00een loc de geam. A\u0219adar, atunci c\u00e2nd ferestrele sau u\u0219ile nu se manevreaz\u0103 lin \u0219i f\u0103r\u0103 efort, produc zgomote \u0219i cer mi\u0219c\u0103ri repetate pentru a dep\u0103\u0219i blocajele, profit\u0103 de vremea \u00eenc\u0103 bun\u0103 pentru a solicita repara\u021bii. \u00cen plus, problemele minore precum griparea sporesc exponen\u021bial uzura feroneriei, jocul \u00een balamale duce la l\u0103rgirea orificiilor din profil \u00een care intr\u0103 \u0219uruburile, iar un m\u00e2ner care nu se mi\u0219c\u0103 u\u0219or \u00een toate pozi\u021biile, poate duce \u00een cele din urm\u0103 la nevoia de a \u00eenlocui \u00eentreaga fereastr\u0103 sau u\u0219\u0103 termoizolant\u0103.<\/p>\n\n\n\n<p>Nu \u00een ultimul r\u00e2nd, ferestrele \u0219i u\u0219ile care \u00eencep s\u0103 \u201dbat\u0103\u201d la \u00eenchidere indic\u0103 o dereglare a feroneriei ce poate fi remediat\u0103 simplu \u0219i rapid de un profesionist. Totu\u0219i, dac\u0103 astfel de situa\u021bii nu sunt rezolvate \u00een timp util, frecarea dintre toc \u0219i cercevea duce la pierderea etan\u0219eit\u0103\u021bii, \u00een timp ce loviturile repetate pun presiune pe sudura la col\u021b a cercevelei p\u00e2n\u0103 c\u00e2nd, la un moment dat, aceasta va ceda.<\/p>\n\n\n\n<figure class=\"wp-block-image size-large\"><img loading=\"lazy\" width=\"1024\" height=\"636\" src=\"https:\/\/www.fereastraveka.ro\/blog\/wp-content\/uploads\/2025\/09\/4.-VEKA-SPECTRAL-1024x636.jpg\" alt=\"\" class=\"wp-image-1319\" srcset=\"https:\/\/www.fereastraveka.ro\/blog\/wp-content\/uploads\/2025\/09\/4.-VEKA-SPECTRAL-1024x636.jpg 1024w, https:\/\/www.fereastraveka.ro\/blog\/wp-content\/uploads\/2025\/09\/4.-VEKA-SPECTRAL-300x186.jpg 300w, https:\/\/www.fereastraveka.ro\/blog\/wp-content\/uploads\/2025\/09\/4.-VEKA-SPECTRAL-768x477.jpg 768w, https:\/\/www.fereastraveka.ro\/blog\/wp-content\/uploads\/2025\/09\/4.-VEKA-SPECTRAL-1200x746.jpg 1200w, https:\/\/www.fereastraveka.ro\/blog\/wp-content\/uploads\/2025\/09\/4.-VEKA-SPECTRAL.jpg 1500w\" sizes=\"(max-width: 1024px) 100vw, 1024px\" \/><\/figure>\n\n\n\n<p><strong>Cur\u0103\u021bare \u0219i \u00eentre\u021binere<\/strong><\/p>\n\n\n\n<p>Condi\u021biile de acordare a garan\u021biei, men\u021bionate \u00een certificatele oficiale VEKA, reunesc doar 7 puncte simple \u00een ceea ce prive\u0219te \u00eentre\u021binerea ferestrelor \u0219i a u\u0219ilor de Clasa A.<\/p>\n\n\n\n<p>1. Cur\u0103\u021barea regulat\u0103 se face doar cu o lavet\u0103 moale \u0219i ap\u0103 curat\u0103.<\/p>\n\n\n\n<p>2. Pentru murd\u0103rie persistent\u0103 se utilizeaz\u0103 o lavet\u0103 moale, ap\u0103 c\u0103ldu\u021b\u0103 \u0219i un detergent cu pH neutru, f\u0103r\u0103 parfum \u0219i f\u0103r\u0103 coloran\u021bi, respect\u00e2nd dozajul recomandat de produc\u0103tor.<\/p>\n\n\n\n<p>3. Pentru murd\u0103rie dificil\u0103, se utilizeaz\u0103 un detergent special pentru PVC care se adreseaz\u0103 \u00een mod specific tipului de murd\u0103rie cu care te confrun\u021bi.<\/p>\n\n\n\n<p>4. Limiteaz\u0103 pe c\u00e2t posibil (timp, suprafa\u021b\u0103) expunerea sistemelor VEKA la orice detergent, utilizat \u00een conformitate cu instruc\u021biunile de mai sus.<\/p>\n\n\n\n<p>5. Dup\u0103 cur\u0103\u021bare, \u0219terge bine \u00eentreaga fereastr\u0103 cu ap\u0103 curat\u0103 \u0219i o lavet\u0103 moale, \u00eendep\u0103rt\u00e2nd orice urm\u0103 a detergentului utilizat.<\/p>\n\n\n\n<p>6. Nu utiliza niciodat\u0103 detergen\u021bi abrazivi, bure\u021bi duri, perii, solven\u021bi, diluan\u021bi sau aparate cu abur.<\/p>\n\n\n\n<p>7. Evit\u0103 contactul sistemelor <a href=\"https:\/\/www.fereastraveka.ro\/blog\/care-este-diferenta-intre-o-fereastra-de-clasa-a-si-una-de-clasa-inferioara\/\">VEKA de Clasa A<\/a> cu orice tip de crem\u0103 cosmetic\u0103 \u0219i \u00een special cu cele pentru protec\u021bie solar\u0103. Chiar \u0219i contactul de scurt\u0103 durat\u0103 poate l\u0103sa pete permanente pe suprafa\u021ba profilului.<\/p>\n\n\n\n<figure class=\"wp-block-image size-large\"><img loading=\"lazy\" width=\"1024\" height=\"530\" src=\"https:\/\/www.fereastraveka.ro\/blog\/wp-content\/uploads\/2025\/09\/5b.-VEKA-curatare-mentenanta-ingrijire-profil-1024x530.jpg\" alt=\"\" class=\"wp-image-1322\" srcset=\"https:\/\/www.fereastraveka.ro\/blog\/wp-content\/uploads\/2025\/09\/5b.-VEKA-curatare-mentenanta-ingrijire-profil-1024x530.jpg 1024w, https:\/\/www.fereastraveka.ro\/blog\/wp-content\/uploads\/2025\/09\/5b.-VEKA-curatare-mentenanta-ingrijire-profil-300x155.jpg 300w, https:\/\/www.fereastraveka.ro\/blog\/wp-content\/uploads\/2025\/09\/5b.-VEKA-curatare-mentenanta-ingrijire-profil-768x398.jpg 768w, https:\/\/www.fereastraveka.ro\/blog\/wp-content\/uploads\/2025\/09\/5b.-VEKA-curatare-mentenanta-ingrijire-profil-1200x622.jpg 1200w, https:\/\/www.fereastraveka.ro\/blog\/wp-content\/uploads\/2025\/09\/5b.-VEKA-curatare-mentenanta-ingrijire-profil.jpg 1500w\" sizes=\"(max-width: 1024px) 100vw, 1024px\" \/><\/figure>\n\n\n\n<p>\u00cencheiem reiter\u00e2nd \u00eenc\u0103 o dat\u0103 recomandarea de a contacta doar profesioni\u0219ti califica\u021bi \u0219i cu experien\u021b\u0103 \u00een montajul \u0219i repararea t\u00e2mpl\u0103riei. Asta deoarece unele materiale video \u0219i recomand\u0103ri online se adreseaz\u0103 adesea unor probleme \u0219i sisteme specifice care nu au acoperire general\u0103, altele sunt doar copiate \u0219i retransmise de autori care nu \u00een\u021beleg exact ceea ce fac, \u00een timp ce altele sunt total lipsite de logic\u0103. A\u0219adar, evit\u0103 s\u0103 faci reglaje sau improviza\u021bii urm\u00e2nd instruc\u021biunile primului rezultat g\u0103sit pe internet, deoarece nimeni nu \u00ee\u0219i asum\u0103 responsabilitatea pentru acele sfaturi, iar tu ri\u0219ti s\u0103 agravezi o problem\u0103 pe care un profesionist ar rezolva-o \u00een c\u00e2teva minute.<\/p>\n\n\n\n<p>Dac\u0103 ai deja ferestre sau u\u0219i cu sisteme VEKA, produse \u0219i montate de un partener al companiei, apeleaz\u0103 cu \u00eencredere la acesta pentru mentenan\u021b\u0103, reglaje \u0219i alte interven\u021bii. Dac\u0103 nu, \u0219i e\u0219ti \u00een c\u0103utarea unor ferestre eficiente energetic sau a unei u\u0219i termoizolante din sticl\u0103 cu durat\u0103 de via\u021b\u0103 estimat\u0103 la 50 de ani, contacteaz\u0103 unul dintre <a href=\"https:\/\/www.fereastraveka.ro\/oferta_tamplarie_pvc\">partenerii acredita\u021bi VEKA<\/a> din Rom\u00e2nia. <\/p>\n","protected":false},"excerpt":{"rendered":"<p>Micile probleme care nu sunt rezolvate prompt, adesea simplu \u0219i rapid, au tendin\u021ba de a se agrava \u00een timp, solicit\u00e2nd mai t\u00e2rziu solu\u021bii mai complicate \u0219i mai costisitoare. A\u0219a cum se \u00eent\u00e2mpl\u0103 \u00een cazul unui autoturism, utilaj, construc\u021bie sau \u00een s\u0103n\u0103tate, la fel se \u00eent\u00e2mpl\u0103 \u0219i \u00een cazul u\u0219ilor \u0219i ferestrelor, expuse 24h\/24h factorilor climatici. [&hellip;]<\/p>\n","protected":false},"author":2,"featured_media":1316,"comment_status":"closed","ping_status":"open","sticky":false,"template":"","format":"standard","meta":[],"categories":[1],"tags":[57,130,150,5],"acf":[],"_links":{"self":[{"href":"https:\/\/www.fereastraveka.ro\/blog\/wp-json\/wp\/v2\/posts\/1315"}],"collection":[{"href":"https:\/\/www.fereastraveka.ro\/blog\/wp-json\/wp\/v2\/posts"}],"about":[{"href":"https:\/\/www.fereastraveka.ro\/blog\/wp-json\/wp\/v2\/types\/post"}],"author":[{"embeddable":true,"href":"https:\/\/www.fereastraveka.ro\/blog\/wp-json\/wp\/v2\/users\/2"}],"replies":[{"embeddable":true,"href":"https:\/\/www.fereastraveka.ro\/blog\/wp-json\/wp\/v2\/comments?post=1315"}],"version-history":[{"count":2,"href":"https:\/\/www.fereastraveka.ro\/blog\/wp-json\/wp\/v2\/posts\/1315\/revisions"}],"predecessor-version":[{"id":1323,"href":"https:\/\/www.fereastraveka.ro\/blog\/wp-json\/wp\/v2\/posts\/1315\/revisions\/1323"}],"wp:featuredmedia":[{"embeddable":true,"href":"https:\/\/www.fereastraveka.ro\/blog\/wp-json\/wp\/v2\/media\/1316"}],"wp:attachment":[{"href":"https:\/\/www.fereastraveka.ro\/blog\/wp-json\/wp\/v2\/media?parent=1315"}],"wp:term":[{"taxonomy":"category","embeddable":true,"href":"https:\/\/www.fereastraveka.ro\/blog\/wp-json\/wp\/v2\/categories?post=1315"},{"taxonomy":"post_tag","embeddable":true,"href":"https:\/\/www.fereastraveka.ro\/blog\/wp-json\/wp\/v2\/tags?post=1315"}],"curies":[{"name":"wp","href":"https:\/\/api.w.org\/{rel}","templated":true}]}}