{"id":1381,"date":"2026-02-04T18:25:11","date_gmt":"2026-02-04T16:25:11","guid":{"rendered":"https:\/\/www.fereastraveka.ro\/blog\/?p=1381"},"modified":"2026-02-04T18:27:23","modified_gmt":"2026-02-04T16:27:23","slug":"inovatiile-veka-vor-fi-prezente-si-anul-acesta-la-fensterbau-frontale-2026","status":"publish","type":"post","link":"https:\/\/www.fereastraveka.ro\/blog\/inovatiile-veka-vor-fi-prezente-si-anul-acesta-la-fensterbau-frontale-2026\/","title":{"rendered":"Inova\u021biile VEKA vor fi prezente \u0219i anul acesta la Fensterbau Frontale 2026"},"content":{"rendered":"\n<p>Fensterbau Frontale (24 &#8211; 27 martie &#8211; N\u00fcrnberg, Germania), cel mai mare eveniment interna\u021bional dedicat ferestrelor, u\u0219ilor \u0219i fa\u021badelor, va g\u0103zdui \u0219i \u00een 2026 inova\u021biile \u0219i solu\u021biile consacrate VEKA \u00een materie de produse \u0219i servicii pentru t\u00e2mpl\u0103rie termoizolant\u0103.<\/p>\n\n\n\n<p>\u00cen cadrul t\u00e2rgului, VEKA va prezenta cele mai noi inova\u021bii pentru ferestre \u0219i u\u0219i termoizolante, precum \u0219i noi servicii pentru <a href=\"https:\/\/www.fereastraveka.ro\/blog\/cum-arata-oferta-de-clasa-a-pentru-ferestre-si-usi-termoizolante\/\">digitalizare<\/a> \u0219i sustenabilitate.<\/p>\n\n\n\n<div class=\"wp-block-media-text alignwide is-stacked-on-mobile\" style=\"grid-template-columns:15% auto\"><figure class=\"wp-block-media-text__media\"><img loading=\"lazy\" width=\"418\" height=\"500\" src=\"https:\/\/www.fereastraveka.ro\/blog\/wp-content\/uploads\/2026\/02\/2.-Josef-L.-Beckhoff-VEKA-Board-Member-for-Sales-Marketing.jpg\" alt=\"\" class=\"wp-image-1383 size-full\" srcset=\"https:\/\/www.fereastraveka.ro\/blog\/wp-content\/uploads\/2026\/02\/2.-Josef-L.-Beckhoff-VEKA-Board-Member-for-Sales-Marketing.jpg 418w, https:\/\/www.fereastraveka.ro\/blog\/wp-content\/uploads\/2026\/02\/2.-Josef-L.-Beckhoff-VEKA-Board-Member-for-Sales-Marketing-251x300.jpg 251w\" sizes=\"(max-width: 418px) 100vw, 418px\" \/><\/figure><div class=\"wp-block-media-text__content\">\n<p class=\"has-normal-font-size\">\u201dPartenerii VEKA se pot baza pe toate capacit\u0103\u021bile noastre, deoarece, ca o afacere de familie orientat\u0103 spre rela\u021bii bazate pe \u00eencredere \u0219i dezvoltare pe termen lung, avem \u00eentotdeauna \u00een vedere succesul comun. Pe baza schimburilor de opinii \u0219i idei, putem oferi fiec\u0103rui partener cel mai bun sprijin individual posibil \u0219i putem privi \u00eempreun\u0103 viitorul cu \u00eencredere\u201d, declar\u0103 Josef L. Beckhoff, membru al Consiliului de Administra\u021bie VEKA, responsabil pentru V\u00e2nz\u0103ri \u0219i Marketing.<\/p>\n<\/div><\/div>\n\n\n\n<figure class=\"wp-block-image size-large\"><img loading=\"lazy\" width=\"1024\" height=\"478\" src=\"https:\/\/www.fereastraveka.ro\/blog\/wp-content\/uploads\/2026\/02\/3.-VEKA-PURE-82-1024x478.jpg\" alt=\"\" class=\"wp-image-1384\" srcset=\"https:\/\/www.fereastraveka.ro\/blog\/wp-content\/uploads\/2026\/02\/3.-VEKA-PURE-82-1024x478.jpg 1024w, https:\/\/www.fereastraveka.ro\/blog\/wp-content\/uploads\/2026\/02\/3.-VEKA-PURE-82-300x140.jpg 300w, https:\/\/www.fereastraveka.ro\/blog\/wp-content\/uploads\/2026\/02\/3.-VEKA-PURE-82-768x358.jpg 768w, https:\/\/www.fereastraveka.ro\/blog\/wp-content\/uploads\/2026\/02\/3.-VEKA-PURE-82-1200x560.jpg 1200w, https:\/\/www.fereastraveka.ro\/blog\/wp-content\/uploads\/2026\/02\/3.-VEKA-PURE-82.jpg 1500w\" sizes=\"(max-width: 1024px) 100vw, 1024px\" \/><\/figure>\n\n\n\n<p><strong>VEKA PURE 82: designul de ast\u0103zi pentru lumea de m\u00e2ine<\/strong><\/p>\n\n\n\n<p>Una dintre nout\u0103\u021bile pe care VEKA le va prezenta la Fensterbau Frontale 2026 este sistemul VEKA PURE 82. Acest sistem a fost prezentat ca prototip la edi\u021bia precedent\u0103 a t\u00e2rgului, iar acum vine ca o solu\u021bie matur\u0103, gata s\u0103 completeze portofoliul VEKA exclusiv de Clasa A. La fel ca toate sistemele grupului german, PURE 82 \u00eendepline\u0219te toate <a href=\"https:\/\/www.fereastraveka.ro\/blog\/conditiile-nzeb-pot-fi-indeplinite-cu-orice-sistem-veka-de-clasa-a\/\">cerin\u021bele actuale \u0219i viitoare privind eficien\u021ba energetic\u0103<\/a>, remarc\u00e2ndu-se prin design modern \u0219i \u00een\u0103l\u021bime redus\u0103 a combina\u021biei toc-cercevea. Totodat\u0103, aspectul elegant \u00eel face potrivit at\u00e2t pentru ferestrele construc\u021biilor noi, c\u00e2t \u0219i \u00een cazul renov\u0103rilor de cl\u0103diri.<\/p>\n\n\n\n<p>VEKA PURE 82 este proiectat s\u0103 impresioneze \u0219i la capitolul sustenabilitate, sistemul fiind conceput s\u0103 integreze \u00een mod optim o cantitate \u00eensemnat\u0103 de PVC reciclat. Nu \u00een ultimul r\u00e2nd, noul sistem este compatibil cu actualele sisteme SOFTLINE \u0219i poate fi transformat \u00een cadre pentru ferestre termoizolante f\u0103r\u0103 a fi nevoie de investi\u021bii \u00een utilaje speciale.<\/p>\n\n\n\n<p>La standul VEKA din N\u00fcrnberg va fi prezent \u0219i noul concept de folii VEKA COLOUR EDITION. Acesta permite furnizorilor de t\u00e2mpl\u0103rie s\u0103 extind\u0103 disponibilitatea celor 13 cele mai populare culori, texturi \u0219i suprafe\u021be de personalizare a profilelor, sporind semnificativ op\u021biunile puse la dispozi\u021bia consumatorilor. Tot \u00een domeniul culorilor, la Fensterbau Frontale 2026 va avea loc \u0219i avanpremiera noii game de nuan\u021be <a href=\"https:\/\/www.fereastraveka.ro\/blog\/veka-feinstruktur-a-devenit-rapid-una-dintre-cele-mai-populare-solutii-de-personalizare-pentru-ferestre-si-usi-termoizolante-iata-de-ce\/\">FEINSTRUKTUR<\/a>, linia de folii decorative care imit\u0103 aluminiul vopsit \u00een c\u00e2mp electrostatic.<\/p>\n\n\n\n<p>Nu \u00een ultimul r\u00e2nd, vizitatorii spa\u021biului rezervat de VEKA vor mai putea testa u\u0219i de intrare inovatoare \u0219i afla nout\u0103\u021bi direct de la speciali\u0219tii companiei despre sistemul pentru u\u0219i culisante cu ridicare <a href=\"https:\/\/www.fereastraveka.ro\/blog\/vekamotion-82-alegerea-perfecta-pentru-max-lumina-si-confort\/\">VEKAMOTION 82<\/a>, solu\u021bii smart home, VEKAVARIANT, servicii de digitalizare DBS \u0219i Divizia de Reciclare VEKA.<\/p>\n","protected":false},"excerpt":{"rendered":"<p>Fensterbau Frontale (24 &#8211; 27 martie &#8211; N\u00fcrnberg, Germania), cel mai mare eveniment interna\u021bional dedicat ferestrelor, u\u0219ilor \u0219i fa\u021badelor, va g\u0103zdui \u0219i \u00een 2026 inova\u021biile \u0219i solu\u021biile consacrate VEKA \u00een materie de produse \u0219i servicii pentru t\u00e2mpl\u0103rie termoizolant\u0103. \u00cen cadrul t\u00e2rgului, VEKA va prezenta cele mai noi inova\u021bii pentru ferestre \u0219i u\u0219i termoizolante, precum \u0219i [&hellip;]<\/p>\n","protected":false},"author":2,"featured_media":1382,"comment_status":"closed","ping_status":"open","sticky":false,"template":"","format":"standard","meta":[],"categories":[1],"tags":[57,113,10,33,5,158],"acf":[],"_links":{"self":[{"href":"https:\/\/www.fereastraveka.ro\/blog\/wp-json\/wp\/v2\/posts\/1381"}],"collection":[{"href":"https:\/\/www.fereastraveka.ro\/blog\/wp-json\/wp\/v2\/posts"}],"about":[{"href":"https:\/\/www.fereastraveka.ro\/blog\/wp-json\/wp\/v2\/types\/post"}],"author":[{"embeddable":true,"href":"https:\/\/www.fereastraveka.ro\/blog\/wp-json\/wp\/v2\/users\/2"}],"replies":[{"embeddable":true,"href":"https:\/\/www.fereastraveka.ro\/blog\/wp-json\/wp\/v2\/comments?post=1381"}],"version-history":[{"count":43,"href":"https:\/\/www.fereastraveka.ro\/blog\/wp-json\/wp\/v2\/posts\/1381\/revisions"}],"predecessor-version":[{"id":1427,"href":"https:\/\/www.fereastraveka.ro\/blog\/wp-json\/wp\/v2\/posts\/1381\/revisions\/1427"}],"wp:featuredmedia":[{"embeddable":true,"href":"https:\/\/www.fereastraveka.ro\/blog\/wp-json\/wp\/v2\/media\/1382"}],"wp:attachment":[{"href":"https:\/\/www.fereastraveka.ro\/blog\/wp-json\/wp\/v2\/media?parent=1381"}],"wp:term":[{"taxonomy":"category","embeddable":true,"href":"https:\/\/www.fereastraveka.ro\/blog\/wp-json\/wp\/v2\/categories?post=1381"},{"taxonomy":"post_tag","embeddable":true,"href":"https:\/\/www.fereastraveka.ro\/blog\/wp-json\/wp\/v2\/tags?post=1381"}],"curies":[{"name":"wp","href":"https:\/\/api.w.org\/{rel}","templated":true}]}}