{"id":1465,"date":"2026-04-15T16:58:37","date_gmt":"2026-04-15T13:58:37","guid":{"rendered":"https:\/\/www.fereastraveka.ro\/blog\/?p=1465"},"modified":"2026-04-15T16:58:38","modified_gmt":"2026-04-15T13:58:38","slug":"veka-la-fensterbau-frontale-2026-puterea-sinergiei-intr-un-ecosistem-complet-de-solutii","status":"publish","type":"post","link":"https:\/\/www.fereastraveka.ro\/blog\/veka-la-fensterbau-frontale-2026-puterea-sinergiei-intr-un-ecosistem-complet-de-solutii\/","title":{"rendered":"VEKA la Fensterbau Frontale 2026: puterea sinergiei \u00eentr-un ecosistem complet de solu\u021bii"},"content":{"rendered":"\n<p>Prezen\u021ba VEKA la Fensterbau Frontale 2026 a subliniat \u00eenc\u0103 o dat\u0103 strategia grupului de a dezvolta un ecosistem integrat de produse \u0219i servicii, construit pe \u00eembinare perfect\u0103 \u00eentre sisteme, tehnologii \u0219i parteneriate. Sub conceptul \u201eStrong in profile. Stronger with a system\u201d, standul VEKA a devenit un punct de referin\u021b\u0103 pentru profesioni\u0219tii din industrie, interesa\u021bi nu doar de inova\u021bii punctuale, ci \u0219i de modul \u00een care acestea func\u021bioneaz\u0103 \u00eempreun\u0103, \u00eentr-o ofert\u0103 coerent\u0103 \u0219i eficient\u0103.<\/p>\n\n\n\n<p>Una dintre principalele atrac\u021bii a fost noul sistem VEKA PURE 82, o solu\u021bie modern\u0103 care se remarc\u0103 prin design minimalist \u0219i performan\u021be de Clasa A. VEKA PURE 82 este g\u00e2ndit s\u0103 func\u021bioneze perfect \u00een cadrul portofoliului existent, oferind produc\u0103torilor flexibilitate, rezisten\u021b\u0103 \u0219i eficien\u021b\u0103, caracteristice tuturor solu\u021biilor lansate de grupul german.<\/p>\n\n\n\n<p>Un alt punct forte l-a reprezentat expertiza VEKA \u00een domeniul culorilor, eviden\u021biat\u0103 prin lansarea gamei VEKA COLOUR EDITION \u0219i introducerea a dou\u0103 noi nuan\u021be \u00een colec\u021bia Feinstruktur. \u00cen acest domeniu, accentul a fost pus pe armonizarea finisajelor \u00eentre diferite sisteme \u0219i materiale. De exemplu, combina\u021bia dintre suprafe\u021bele Feinstruktur \u0219i <a href=\"https:\/\/www.fereastraveka.ro\/blog\/de-ce-sa-alegi-intre-pvc-sau-aluminiu-cand-poti-avea-ce-e-mai-bun-din-ambele-cu-veka-aluconnect\/\">AluConnect<\/a> a demonstrat cum compatibilitatea estetic\u0103 devine un avantaj competitiv \u00een proiectele contemporane mixte PVC-Aluminiu.<\/p>\n\n\n\n<p>\u00cen acela\u0219i timp, standul VEKA a scos \u00een eviden\u021b\u0103 beneficiile colabor\u0103rii cu o companie de familie \u0219i tradi\u021bie de aproape 60 de ani, o companie care a pus mereu accent pe calitate, dezvoltare durabil\u0103, extindere organic\u0103 \u0219i parteneriate. Astfel, grupul \u00eenglobeaz\u0103 \u00een prezent companii precum Texino, DBS sau <a href=\"https:\/\/www.fereastraveka.ro\/blog\/ce-inseamna-sustenabilitatea-pentru-un-lider-global\/\">Umwelttechnik<\/a>, acoperind \u00eentregul lan\u021b valoric: de la proiectare, produc\u021bie \u0219i logistic\u0103, la <a href=\"https:\/\/www.fereastraveka.ro\/blog\/windoplan-inovatia-veka-de-clasa-a-dedicata-specialistilor-in-constructii-de-cladiri-eficiente-energetic\/\">digitalizare<\/a> \u0219i automatizare, p\u00e2n\u0103 la \u00eenchiderea circuitului prin reciclare.<\/p>\n\n\n\n<figure class=\"wp-block-image size-large\"><img loading=\"lazy\" width=\"1024\" height=\"595\" src=\"https:\/\/www.fereastraveka.ro\/blog\/wp-content\/uploads\/2026\/04\/2-VEKA-COLOUR-EDITION-1024x595.jpg\" alt=\"\" class=\"wp-image-1467\" srcset=\"https:\/\/www.fereastraveka.ro\/blog\/wp-content\/uploads\/2026\/04\/2-VEKA-COLOUR-EDITION-1024x595.jpg 1024w, https:\/\/www.fereastraveka.ro\/blog\/wp-content\/uploads\/2026\/04\/2-VEKA-COLOUR-EDITION-300x174.jpg 300w, https:\/\/www.fereastraveka.ro\/blog\/wp-content\/uploads\/2026\/04\/2-VEKA-COLOUR-EDITION-768x446.jpg 768w, https:\/\/www.fereastraveka.ro\/blog\/wp-content\/uploads\/2026\/04\/2-VEKA-COLOUR-EDITION-1200x697.jpg 1200w, https:\/\/www.fereastraveka.ro\/blog\/wp-content\/uploads\/2026\/04\/2-VEKA-COLOUR-EDITION.jpg 1500w\" sizes=\"(max-width: 1024px) 100vw, 1024px\" \/><\/figure>\n\n\n\n<h2><strong>VEKA COLOUR EDITION \u2013 cele mai populare nuan\u021be de personalizare a sistemelor VEKA, disponibile direct din stoc<\/strong><\/h2>\n\n\n\n<p>Prin conceptul COLOUR EDITION, VEKA ofer\u0103 direct din stoc cele mai populare 13 op\u021biuni de laminare a sistemelor sale, pe o fa\u021b\u0103 (interior\/exterior) sau pe ambele fe\u021be ale profilului. Gama include 5 dintre cele mai solicitate culori <a href=\"https:\/\/www.fereastraveka.ro\/blog\/veka-feinstruktur-a-devenit-rapid-una-dintre-cele-mai-populare-solutii-de-personalizare-pentru-ferestre-si-usi-termoizolante-iata-de-ce\/\">Feinstruktur<\/a> \u0219i cele mai populare finisaje din gamele negru, gri \u0219i imita\u021bii de esen\u021be lemnoase. Cele 13 op\u021biuni de personalizare au fost atent selec\u021bionate, pornind de la o analiz\u0103 a comenzilor din anii preceden\u021bi. Rezultatul este c\u0103 acum \u00een jur de 85% din comenzile pentru sisteme <a href=\"https:\/\/www.fereastraveka.ro\/blog\/softline-82-profilul-de-top-al-unei-game-exclusiv-de-clasa-a\/\">SOFTLINE 82<\/a> \u0219i <a href=\"https:\/\/www.fereastraveka.ro\/blog\/softline-76-profilul-veka-pentru-ferestre-cu-echilibru-optim-cost-performanta\/\">SOFTLINE 76<\/a> gata personalizate, pot fi livrate imediat, direct din stoc.<\/p>\n\n\n\n<p>Gama extins\u0103 de finisaje r\u0103m\u00e2ne \u00een continuare disponibil\u0103. Aceasta include 48 de culori uni \u0219i imita\u021bii de esen\u021be lemnoase, reunite sub umbrela VEKA SONDER EDITION. Paletarul se adreseaz\u0103 celor care \u00ee\u0219i doresc o cromatic\u0103 foarte precis\u0103, iar personalizarea profilelor se realizeaz\u0103 doar la cerere.<\/p>\n\n\n\n<p>Ambele game de folieri pot fi vizualizate <a href=\"https:\/\/www.fereastraveka.ro\/solutii_tehnice\/gama_de_culori\">aici<\/a> sau direct la produc\u0103torii parteneri VEKA.<\/p>\n\n\n\n<figure class=\"wp-block-image size-large\"><img loading=\"lazy\" width=\"1024\" height=\"683\" src=\"https:\/\/www.fereastraveka.ro\/blog\/wp-content\/uploads\/2026\/04\/3-VEKA-PURE-82-1024x683.jpg\" alt=\"\" class=\"wp-image-1468\" srcset=\"https:\/\/www.fereastraveka.ro\/blog\/wp-content\/uploads\/2026\/04\/3-VEKA-PURE-82-1024x683.jpg 1024w, https:\/\/www.fereastraveka.ro\/blog\/wp-content\/uploads\/2026\/04\/3-VEKA-PURE-82-300x200.jpg 300w, https:\/\/www.fereastraveka.ro\/blog\/wp-content\/uploads\/2026\/04\/3-VEKA-PURE-82-768x512.jpg 768w, https:\/\/www.fereastraveka.ro\/blog\/wp-content\/uploads\/2026\/04\/3-VEKA-PURE-82-1200x800.jpg 1200w, https:\/\/www.fereastraveka.ro\/blog\/wp-content\/uploads\/2026\/04\/3-VEKA-PURE-82.jpg 1500w\" sizes=\"(max-width: 1024px) 100vw, 1024px\" \/><\/figure>\n\n\n\n<h2><strong>VEKA PURE 82 \u2013 noul sistem VEKA pentru pachete de geam de p\u00e2n\u0103 la 70mm<\/strong><\/h2>\n\n\n\n<p>Principala caracteristic\u0103 a noului sistem VEKA de Clasa A este c\u0103 sparge grani\u021bele \u00een materie de grosime a pachetului de geam. C\u00e2nd cele mai multe sisteme din PVC disponibile pe pia\u021b\u0103 se opresc la vitraje cu grosimi de 50-60mm, VEKA PURE 82 merge mai departe \u0219i poate sus\u021bine pachete termoizolante cu 3 sau chiar 4 foi de sticl\u0103, dispuse pe ad\u00e2ncimi de p\u00e2n\u0103 la 70mm \u00een cercevea sau 58mm \u00een toc. Asta \u00eenseamn\u0103 c\u0103 poate acomoda foi de geam mai groase pentru mai mult siguran\u021b\u0103 \u0219i confort acustic \u0219i c\u0103 las\u0103 mai mult spa\u021biu \u00eentre foi, pentru o mai bun\u0103 termoizolare \u0219i <a href=\"https:\/\/www.fereastraveka.ro\/blog\/rolul-tamplariei-de-clasa-a-in-reducerea-dependentei-energetice\/\">eficien\u021b\u0103 energetic\u0103<\/a> ce se vede \u00een facturi mai mici. Noul sistem vine cu garnitur\u0103 median\u0103 standard \u0219i dou\u0103 op\u021biuni de geometrie. Mai exact, se poate alege \u00eentre cercevea obi\u0219nuit\u0103 (cunoscut\u0103 \u0219i ca cercevea necoplanar\u0103 sau \u00een trepte) sau cercevea coplanar\u0103 &#8211; tocul \u0219i cerceveaua stau \u00een acela\u0219i plan c\u00e2nd fereastra este \u00eenchis\u0103. Toate aceste caracteristici, \u00eempreun\u0103 cu suita de personaliz\u0103ri unice <a href=\"https:\/\/www.fereastraveka.ro\/spectral\/\">SPECTRAL<\/a> sau FEINSTRUKTUR, deschid noi orizonturi \u00een materie de design a ferestrelor termoizolante cu dimensiuni mari \u0219i pachete de geam foarte grele.<\/p>\n\n\n\n<figure class=\"wp-block-image size-large\"><img loading=\"lazy\" width=\"1024\" height=\"466\" src=\"https:\/\/www.fereastraveka.ro\/blog\/wp-content\/uploads\/2026\/04\/4-VEKA-foto-echipa-FENSTERBAU-FRONTALE-2026-1024x466.jpg\" alt=\"\" class=\"wp-image-1469\" srcset=\"https:\/\/www.fereastraveka.ro\/blog\/wp-content\/uploads\/2026\/04\/4-VEKA-foto-echipa-FENSTERBAU-FRONTALE-2026-1024x466.jpg 1024w, https:\/\/www.fereastraveka.ro\/blog\/wp-content\/uploads\/2026\/04\/4-VEKA-foto-echipa-FENSTERBAU-FRONTALE-2026-300x136.jpg 300w, https:\/\/www.fereastraveka.ro\/blog\/wp-content\/uploads\/2026\/04\/4-VEKA-foto-echipa-FENSTERBAU-FRONTALE-2026-768x349.jpg 768w, https:\/\/www.fereastraveka.ro\/blog\/wp-content\/uploads\/2026\/04\/4-VEKA-foto-echipa-FENSTERBAU-FRONTALE-2026-1200x546.jpg 1200w, https:\/\/www.fereastraveka.ro\/blog\/wp-content\/uploads\/2026\/04\/4-VEKA-foto-echipa-FENSTERBAU-FRONTALE-2026.jpg 1500w\" sizes=\"(max-width: 1024px) 100vw, 1024px\" \/><\/figure>\n\n\n\n<h2><strong>Strong in profile. Stronger with a system<\/strong><\/h2>\n\n\n\n<p>Sloganul care a marcat prezen\u021ba VEKA la Fensterbau Frontale 2026 relev\u0103 aten\u021bia deosebit\u0103 pe care grupul german o acord\u0103 parteneriatelor, prin intermediul c\u0103rora sistemele exclusiv de Clasa A devin <a href=\"https:\/\/www.fereastraveka.ro\/blog\/cum-arata-oferta-de-clasa-a-pentru-ferestre-si-usi-termoizolante\/\">ferestre \u0219i u\u0219i termoizolante<\/a> cu durat\u0103 de via\u021b\u0103 estimat\u0103 la 50 de ani. Aceast\u0103 grij\u0103 se manifest\u0103 permanent \u0219i pe toate palierele, de la compatibilitate \u00eentre sistemele precedente \u0219i cele abia lansate, cercetare \u0219i dezvoltare care s\u0103 aduc\u0103 beneficii inovatoare f\u0103r\u0103 a for\u021ba partenerii s\u0103 investeasc\u0103 \u00een utilaje noi, op\u021biuni de personalizare pentru toate gusturile, solu\u021bii de proiectare \u0219i ofertare complexe \u0219i mereu la \u00eendem\u00e2n\u0103, p\u00e2n\u0103 la suport \u0219i traininguri pentru dezvoltare profesional\u0103 continu\u0103. Tot acest pachet face ca VEKA s\u0103 fie num\u0103rul 1 lume c\u00e2nd vine vorba de sisteme PVC de cea mai bun\u0103 calitate pentru ferestre, u\u0219i reziden\u021biale \u0219i u\u0219i culisante din sticl\u0103, cu nivel ridicat de eficien\u021b\u0103 energetic\u0103 \u0219i durabilitate.<\/p>\n\n\n\n<p>Dac\u0103 \u0219i tu ai nevoie de astfel de ferestre, intr\u0103 \u00een contact cu universul VEKA <a href=\"https:\/\/www.fereastraveka.ro\/oferta_tamplarie_pvc\">solicit\u00e2nd oferta<\/a> sau viziteaz\u0103 unul dintre showroom-urile partenerilor din toat\u0103 \u021bara.<\/p>\n","protected":false},"excerpt":{"rendered":"<p>Prezen\u021ba VEKA la Fensterbau Frontale 2026 a subliniat \u00eenc\u0103 o dat\u0103 strategia grupului de a dezvolta un ecosistem integrat de produse \u0219i servicii, construit pe \u00eembinare perfect\u0103 \u00eentre sisteme, tehnologii \u0219i parteneriate. Sub conceptul \u201eStrong in profile. Stronger with a system\u201d, standul VEKA a devenit un punct de referin\u021b\u0103 pentru profesioni\u0219tii din industrie, interesa\u021bi nu [&hellip;]<\/p>\n","protected":false},"author":2,"featured_media":1466,"comment_status":"closed","ping_status":"open","sticky":false,"template":"","format":"standard","meta":[],"categories":[1],"tags":[],"acf":[],"_links":{"self":[{"href":"https:\/\/www.fereastraveka.ro\/blog\/wp-json\/wp\/v2\/posts\/1465"}],"collection":[{"href":"https:\/\/www.fereastraveka.ro\/blog\/wp-json\/wp\/v2\/posts"}],"about":[{"href":"https:\/\/www.fereastraveka.ro\/blog\/wp-json\/wp\/v2\/types\/post"}],"author":[{"embeddable":true,"href":"https:\/\/www.fereastraveka.ro\/blog\/wp-json\/wp\/v2\/users\/2"}],"replies":[{"embeddable":true,"href":"https:\/\/www.fereastraveka.ro\/blog\/wp-json\/wp\/v2\/comments?post=1465"}],"version-history":[{"count":1,"href":"https:\/\/www.fereastraveka.ro\/blog\/wp-json\/wp\/v2\/posts\/1465\/revisions"}],"predecessor-version":[{"id":1470,"href":"https:\/\/www.fereastraveka.ro\/blog\/wp-json\/wp\/v2\/posts\/1465\/revisions\/1470"}],"wp:featuredmedia":[{"embeddable":true,"href":"https:\/\/www.fereastraveka.ro\/blog\/wp-json\/wp\/v2\/media\/1466"}],"wp:attachment":[{"href":"https:\/\/www.fereastraveka.ro\/blog\/wp-json\/wp\/v2\/media?parent=1465"}],"wp:term":[{"taxonomy":"category","embeddable":true,"href":"https:\/\/www.fereastraveka.ro\/blog\/wp-json\/wp\/v2\/categories?post=1465"},{"taxonomy":"post_tag","embeddable":true,"href":"https:\/\/www.fereastraveka.ro\/blog\/wp-json\/wp\/v2\/tags?post=1465"}],"curies":[{"name":"wp","href":"https:\/\/api.w.org\/{rel}","templated":true}]}}