{"id":1471,"date":"2026-04-20T17:28:40","date_gmt":"2026-04-20T14:28:40","guid":{"rendered":"https:\/\/www.fereastraveka.ro\/blog\/?p=1471"},"modified":"2026-04-20T17:28:41","modified_gmt":"2026-04-20T14:28:41","slug":"proiecte-de-clasa-a-lighthouse-hotel-spa-din-busum-germania","status":"publish","type":"post","link":"https:\/\/www.fereastraveka.ro\/blog\/proiecte-de-clasa-a-lighthouse-hotel-spa-din-busum-germania\/","title":{"rendered":"Proiecte de Clasa A: Lighthouse Hotel &#038; Spa din B\u00fcsum, Germania"},"content":{"rendered":"\n<p>Aflat la doar 100 de metri de malul M\u0103rii Nordului, Lighthouse Hotel &amp; Spa este una dintre cl\u0103dirile emblematice principalele atrac\u021bii turistice ale ora\u0219ului B\u00fcsum din nordul Germaniei. Aceast\u0103 cl\u0103dire emblematic\u0103, dat\u0103 \u00een folosin\u021b\u0103 \u00een august 2019, impresioneaz\u0103 prin aspectul s\u0103u exterior, confortul \u0219i priveli\u0219tile pe care le ofer\u0103 vizitatorilor, c\u00e2t \u0219i prin amplasarea sa \u00een imediata vecin\u0103tate a farului cu o v\u00e2rst\u0103 de peste 100 de ani \u0219i \u00eenc\u0103 func\u021bional.<\/p>\n\n\n\n<p>\u00cen ceea ce prive\u0219te confortul din cele 111 camere, \u00een spa\u021biul wellness \u0219i \u00een cele trei restaurante ale complexului aflat at\u00e2t de aproape de mare \u0219i complet expus rafalelor de v\u00e2nt, una dintre cele mai dificile provoc\u0103ri a fost crearea unei bariere solide care s\u0103 garanteze turi\u0219tilor vacan\u021be \u0219i weekend-uri relaxante, indiferent de condi\u021biile meteo de afar\u0103. \u00cen acela\u0219i timp, aceast\u0103 barier\u0103 trebuia s\u0103 ofere <a href=\"https:\/\/www.fereastraveka.ro\/blog\/cat-de-mare-poate-fi-o-fereastra-sau-o-usa-culisanta-veka\/\">vederi largi<\/a> spre mare \u0219i arhitectura deosebit\u0103 a zonei, garant\u00e2nd <a href=\"https:\/\/www.fereastraveka.ro\/blog\/linistea-un-lux-urban-ferestrele-veka-te-ajuta-sa-tii-departe-zgomotul-orasului\/\">izolare fonic\u0103<\/a> \u0219i <a href=\"https:\/\/www.fereastraveka.ro\/blog\/cum-arata-oferta-de-clasa-a-pentru-ferestre-si-usi-termoizolante\/\">rezisten\u021b\u0103 sporit\u0103 la v\u00e2nt<\/a>.<\/p>\n\n\n\n<p>Solu\u021bia g\u0103sit\u0103 a fost realizarea tuturor elementelor de t\u00e2mpl\u0103rie ale cl\u0103dirii cu sisteme de Clasa A &#8211; <a href=\"https:\/\/www.fereastraveka.ro\/blog\/softline-82-profilul-de-top-al-unei-game-exclusiv-de-clasa-a\/\">VEKA SOFTLINE 82<\/a>. Pentru a face fa\u021b\u0103 climatului maritim, sistemele VEKA au fost ranforsate cu arm\u0103tur\u0103 suplimentar\u0103 din o\u021bel \u0219i mai multe puncte de \u00eenchidere dec\u00e2t \u00een mod obi\u0219nuit. Aceste ajust\u0103ri au dus la o cre\u0219tere cu 50% a rezisten\u021bei la \u00eenc\u0103rc\u0103ri din greutate proprie \u0219i v\u00e2nt.<\/p>\n\n\n\n<p>Pentru a se alinia designului interior \u0219i exterior al cl\u0103dirii, finisajul ales pentru t\u00e2mpl\u0103ria Lighthouse Hotel &amp; Spa a fost cel din gama <a href=\"https:\/\/www.fereastraveka.ro\/blog\/profile-de-culoare-inchisa-pentru-un-plus-de-rafinament\/\">SPECTRAL<\/a>, o tehnologie unic\u0103 \u0219i exclusiv\u0103 produs\u0103 de VEKA. Textura catifelat\u0103 \u0219i u\u0219or de \u00eentre\u021binut a tehnologiei SPECTRAL, ofer\u0103 totodat\u0103 rezisten\u021be superioare la razele soarelui, c\u00e2t \u0219i la efectul de \u201dsablare\u201d ce apare \u00een proximitatea plajelor cu nisip \u0219i v\u00e2nt puternic.<\/p>\n\n\n\n<p>Solu\u021bii speciale au fost alese \u0219i \u00een cazul montajului. Pentru a elimina zgomotul ce ar fi putut ap\u0103rea ca urmare a turbulen\u021belor, s-a optat pentru montarea ferestrelor termoizolante pe <a href=\"https:\/\/www.fereastraveka.ro\/blog\/vekafast-sistemul-eficient-pentru-montajul-ferestrelor-la-exteriorul-zidariei\/\">fa\u021ba exterioar\u0103 a pere\u021bilor<\/a>, iar izola\u021bia dintre toc \u0219i perete a fost \u0219i ea \u00eent\u0103rit\u0103. \u00cen continuare, fa\u021badele au fost acoperite cu termoizola\u021bie, peste care s-au aplicat pl\u0103ci sub\u021biri de c\u0103r\u0103mid\u0103 aparent\u0103. Rezultatul \u2013 o cl\u0103dire ce atrage privirea \u0219i eman\u0103 ospitalitate, \u00een armonie cu arhitectura construc\u021biilor din jur \u0219i care ofer\u0103 confort deplin chiar \u0219i pe vreme de furtun\u0103.<\/p>\n\n\n\n<h2><strong>Informa\u021bii despre proiect<\/strong><\/h2>\n\n\n\n<figure class=\"wp-block-table is-style-stripes\"><table><tbody><tr><td>Obiectiv<\/td><td>Lighthouse Hotel &amp; Spa &#8211; B\u00fcsum, Germania<\/td><\/tr><tr><td>Arhitec\u021bi<\/td><td>Biroul de arhitectur\u0103 Ladehoff \u2013 Hardebeck, Germania<\/td><\/tr><tr><td>Finalizare<\/td><td>8\/2019<\/td><\/tr><tr><td>Sistem de profile<\/td><td><a href=\"https:\/\/www.fereastraveka.ro\/solutii_tehnice\/categ\/ferestre\/softline-82\">VEKA SOFTLINE 82<\/a> cu \u00eenfoliere <a href=\"https:\/\/www.fereastraveka.ro\/spectral\/\">VEKA SPECTRAL<\/a> &#8211; nuan\u021b\u0103 Gri Antracit Ultramat (SPECTRAL Anthrazit Ultramatt)<\/td><\/tr><\/tbody><\/table><\/figure>\n\n\n\n<h2><strong>Galerie foto proiect<\/strong><\/h2>\n\n\n\n<figure class=\"wp-block-gallery has-nested-images columns-default is-cropped\">\n<figure class=\"wp-block-image size-large\"><img loading=\"lazy\" width=\"801\" height=\"801\" data-id=\"1476\"  src=\"https:\/\/www.fereastraveka.ro\/blog\/wp-content\/uploads\/2026\/04\/2-VEKA-tamplarie-SOFTLINE-82-SPECTRAL.jpg\" alt=\"\" class=\"wp-image-1476\" srcset=\"https:\/\/www.fereastraveka.ro\/blog\/wp-content\/uploads\/2026\/04\/2-VEKA-tamplarie-SOFTLINE-82-SPECTRAL.jpg 801w, https:\/\/www.fereastraveka.ro\/blog\/wp-content\/uploads\/2026\/04\/2-VEKA-tamplarie-SOFTLINE-82-SPECTRAL-300x300.jpg 300w, https:\/\/www.fereastraveka.ro\/blog\/wp-content\/uploads\/2026\/04\/2-VEKA-tamplarie-SOFTLINE-82-SPECTRAL-150x150.jpg 150w, https:\/\/www.fereastraveka.ro\/blog\/wp-content\/uploads\/2026\/04\/2-VEKA-tamplarie-SOFTLINE-82-SPECTRAL-768x768.jpg 768w\" sizes=\"(max-width: 801px) 100vw, 801px\" \/><\/figure>\n\n\n\n<figure class=\"wp-block-image size-large\"><img loading=\"lazy\" width=\"400\" height=\"400\" data-id=\"1474\"  src=\"https:\/\/www.fereastraveka.ro\/blog\/wp-content\/uploads\/2026\/04\/3-VEKA-usi-din-sticla.jpg\" alt=\"\" class=\"wp-image-1474\" srcset=\"https:\/\/www.fereastraveka.ro\/blog\/wp-content\/uploads\/2026\/04\/3-VEKA-usi-din-sticla.jpg 400w, https:\/\/www.fereastraveka.ro\/blog\/wp-content\/uploads\/2026\/04\/3-VEKA-usi-din-sticla-300x300.jpg 300w, https:\/\/www.fereastraveka.ro\/blog\/wp-content\/uploads\/2026\/04\/3-VEKA-usi-din-sticla-150x150.jpg 150w\" sizes=\"(max-width: 400px) 100vw, 400px\" \/><\/figure>\n\n\n\n<figure class=\"wp-block-image size-large\"><img loading=\"lazy\" width=\"400\" height=\"400\" data-id=\"1473\"  src=\"https:\/\/www.fereastraveka.ro\/blog\/wp-content\/uploads\/2026\/04\/4-VEKA-ferestre-termoizolante-montate-la-fata-peretelui.jpg\" alt=\"\" class=\"wp-image-1473\" srcset=\"https:\/\/www.fereastraveka.ro\/blog\/wp-content\/uploads\/2026\/04\/4-VEKA-ferestre-termoizolante-montate-la-fata-peretelui.jpg 400w, https:\/\/www.fereastraveka.ro\/blog\/wp-content\/uploads\/2026\/04\/4-VEKA-ferestre-termoizolante-montate-la-fata-peretelui-300x300.jpg 300w, https:\/\/www.fereastraveka.ro\/blog\/wp-content\/uploads\/2026\/04\/4-VEKA-ferestre-termoizolante-montate-la-fata-peretelui-150x150.jpg 150w\" sizes=\"(max-width: 400px) 100vw, 400px\" \/><\/figure>\n\n\n\n<figure class=\"wp-block-image size-large\"><a href=\"https:\/\/www.veka.de\/media\/references\/maritime-relaxation.html\"><img loading=\"lazy\" width=\"800\" height=\"400\" data-id=\"1475\"  src=\"https:\/\/www.fereastraveka.ro\/blog\/wp-content\/uploads\/2026\/04\/5-VEKA-ferestre-usi-fatada-hotel.jpg\" alt=\"\" class=\"wp-image-1475\" srcset=\"https:\/\/www.fereastraveka.ro\/blog\/wp-content\/uploads\/2026\/04\/5-VEKA-ferestre-usi-fatada-hotel.jpg 800w, https:\/\/www.fereastraveka.ro\/blog\/wp-content\/uploads\/2026\/04\/5-VEKA-ferestre-usi-fatada-hotel-300x150.jpg 300w, https:\/\/www.fereastraveka.ro\/blog\/wp-content\/uploads\/2026\/04\/5-VEKA-ferestre-usi-fatada-hotel-768x384.jpg 768w\" sizes=\"(max-width: 800px) 100vw, 800px\" \/><\/a><\/figure>\n<\/figure>\n","protected":false},"excerpt":{"rendered":"<p>Aflat la doar 100 de metri de malul M\u0103rii Nordului, Lighthouse Hotel &amp; Spa este una dintre cl\u0103dirile emblematice principalele atrac\u021bii turistice ale ora\u0219ului B\u00fcsum din nordul Germaniei. Aceast\u0103 cl\u0103dire emblematic\u0103, dat\u0103 \u00een folosin\u021b\u0103 \u00een august 2019, impresioneaz\u0103 prin aspectul s\u0103u exterior, confortul \u0219i priveli\u0219tile pe care le ofer\u0103 vizitatorilor, c\u00e2t \u0219i prin amplasarea sa [&hellip;]<\/p>\n","protected":false},"author":2,"featured_media":1472,"comment_status":"closed","ping_status":"open","sticky":false,"template":"","format":"standard","meta":[],"categories":[1],"tags":[],"acf":[],"_links":{"self":[{"href":"https:\/\/www.fereastraveka.ro\/blog\/wp-json\/wp\/v2\/posts\/1471"}],"collection":[{"href":"https:\/\/www.fereastraveka.ro\/blog\/wp-json\/wp\/v2\/posts"}],"about":[{"href":"https:\/\/www.fereastraveka.ro\/blog\/wp-json\/wp\/v2\/types\/post"}],"author":[{"embeddable":true,"href":"https:\/\/www.fereastraveka.ro\/blog\/wp-json\/wp\/v2\/users\/2"}],"replies":[{"embeddable":true,"href":"https:\/\/www.fereastraveka.ro\/blog\/wp-json\/wp\/v2\/comments?post=1471"}],"version-history":[{"count":2,"href":"https:\/\/www.fereastraveka.ro\/blog\/wp-json\/wp\/v2\/posts\/1471\/revisions"}],"predecessor-version":[{"id":1478,"href":"https:\/\/www.fereastraveka.ro\/blog\/wp-json\/wp\/v2\/posts\/1471\/revisions\/1478"}],"wp:featuredmedia":[{"embeddable":true,"href":"https:\/\/www.fereastraveka.ro\/blog\/wp-json\/wp\/v2\/media\/1472"}],"wp:attachment":[{"href":"https:\/\/www.fereastraveka.ro\/blog\/wp-json\/wp\/v2\/media?parent=1471"}],"wp:term":[{"taxonomy":"category","embeddable":true,"href":"https:\/\/www.fereastraveka.ro\/blog\/wp-json\/wp\/v2\/categories?post=1471"},{"taxonomy":"post_tag","embeddable":true,"href":"https:\/\/www.fereastraveka.ro\/blog\/wp-json\/wp\/v2\/tags?post=1471"}],"curies":[{"name":"wp","href":"https:\/\/api.w.org\/{rel}","templated":true}]}}