{"id":1540,"date":"2026-09-01T14:52:09","date_gmt":"2026-09-01T11:52:09","guid":{"rendered":"https:\/\/www.fereastraveka.ro\/blog\/?p=1540"},"modified":"2026-09-01T14:52:11","modified_gmt":"2026-09-01T11:52:11","slug":"de-ce-ferestrele-de-calitate-sunt-cele-mai-ieftine-ferestre","status":"publish","type":"post","link":"https:\/\/www.fereastraveka.ro\/blog\/de-ce-ferestrele-de-calitate-sunt-cele-mai-ieftine-ferestre\/","title":{"rendered":"De ce ferestrele de calitate sunt cele mai ieftine ferestre"},"content":{"rendered":"\n<p>Atunci c\u00e2nd cump\u0103r\u0103m un tricou sau o pereche de \u00eenc\u0103l\u021b\u0103minte, \u0219tim deja c\u0103 pre\u021bul cel mai mic nu \u00eenseamn\u0103 \u00eentotdeauna \u0219i cea mai bun\u0103 afacere. Tricoul cel mai ieftin \u00ee\u0219i poate pierde forma \u0219i culoarea dup\u0103 c\u00e2teva sp\u0103l\u0103ri, iar pantofii de 2 lei r\u0103m\u00e2n de multe ori f\u0103r\u0103 talp\u0103 \u00eenainte s\u0103 vin\u0103 toamna. \u00cen final, dac\u0103 e s\u0103 cump\u0103r\u0103m trei produse ieftine \u00een locul unuia de calitate, c\u00e2nd tragem linia \u0219i facem adunarea descoperim c\u0103 am cheltuit mai mult dec\u00e2t ar fi costat unul \u0219i bun, care poate ar fi rezistat mai mult dec\u00e2t toate trei la un loc.<\/p>\n\n\n\n<p>Aceea\u0219i logic\u0103 se aplic\u0103 \u0219i \u00een cazul ferestrelor. Diferen\u021ba este c\u0103 o fereastr\u0103 nu este un produs pe care \u00eel schimb\u0103m \u00een 2-3 ani, ci o investi\u021bie care trebuie s\u0103 ne ofere confort, siguran\u021b\u0103 \u0219i eficien\u021b\u0103 timp de zeci de ani. De aceea, atunci c\u00e2nd calcul\u0103m costul real al ferestrelor, nu ar trebui s\u0103 ne uit\u0103m doar la pre\u021bul de achizi\u021bie. O fereastr\u0103 de calitate poate fi, \u00een timp, cea mai ieftin\u0103 fereastr\u0103, pentru c\u0103 rezist\u0103 mai mult, necesit\u0103 mai pu\u021bine interven\u021bii \u0219i contribuie la reducerea consumului de energie.<\/p>\n\n\n\n<p>Acum, s\u0103 nu ne \u00een\u021belegem gre\u0219it, costul unei ferestre de calitate nu se compar\u0103 cu cel al unui tricou, iar <a href=\"https:\/\/www.fereastraveka.ro\/blog\/cum-arata-oferta-de-clasa-a-pentru-ferestre-si-usi-termoizolante\/\">oferta pentru schimbarea tuturor ferestrelor<\/a> la un apartament sau instalarea lor pe o cas\u0103 nou\u0103 te poate pune pe g\u00e2nduri la prima vedere. Dar, \u00eenainte s\u0103 alegi unele cu 15-20% mai ieftine, g\u00e2nde\u0219te-te c\u00e2te zile \u0219i c\u00e2\u021bi bani vrei s\u0103 sacrifici \u00een urm\u0103torii 50 de ani pentru repara\u021bii \u0219i pierderi de energie sau c\u00e2t de important este rolul unei ferestre de calitate pus \u00een balan\u021b\u0103 cu TV-uri de 3-4.000 de lei care abia rezista 10 ani sau cu telefoane care bat spre 1.000 de euro \u0219i se demodeaz\u0103 \u00een 12 luni.<\/p>\n\n\n\n<figure class=\"wp-block-image size-large\"><img loading=\"lazy\" width=\"1024\" height=\"866\" src=\"https:\/\/www.fereastraveka.ro\/blog\/wp-content\/uploads\/2026\/09\/2-VEKA-laborator-test-rezistenta-sudura-colt-1024x866.jpg\" alt=\"\" class=\"wp-image-1542\" srcset=\"https:\/\/www.fereastraveka.ro\/blog\/wp-content\/uploads\/2026\/09\/2-VEKA-laborator-test-rezistenta-sudura-colt-1024x866.jpg 1024w, https:\/\/www.fereastraveka.ro\/blog\/wp-content\/uploads\/2026\/09\/2-VEKA-laborator-test-rezistenta-sudura-colt-300x254.jpg 300w, https:\/\/www.fereastraveka.ro\/blog\/wp-content\/uploads\/2026\/09\/2-VEKA-laborator-test-rezistenta-sudura-colt-768x649.jpg 768w, https:\/\/www.fereastraveka.ro\/blog\/wp-content\/uploads\/2026\/09\/2-VEKA-laborator-test-rezistenta-sudura-colt-1200x1014.jpg 1200w, https:\/\/www.fereastraveka.ro\/blog\/wp-content\/uploads\/2026\/09\/2-VEKA-laborator-test-rezistenta-sudura-colt.jpg 1500w\" sizes=\"(max-width: 1024px) 100vw, 1024px\" \/><\/figure>\n\n\n\n<h2><strong>Rezisten\u021b\u0103 \u0219i durabilitate: costul se \u00eemparte la zeci de ani<\/strong><\/h2>\n\n\n\n<p>Primul argument care vine \u00een sus\u021binerea faptului c\u0103 o <a href=\"https:\/\/www.fereastraveka.ro\/blog\/ce-inseamna-cu-adevarat-o-fereastra-buna\/\">fereastr\u0103 de calitate<\/a> reprezint\u0103 o investi\u021bie mai bun\u0103, este durata sa de via\u021b\u0103. \u00cen cazul ferestrelor construite pe sisteme VEKA exclusiv de Clasa A, durata de via\u021b\u0103 a acestora poate dep\u0103\u0219i chiar \u0219i 50 de ani, \u00een timp ce durata medie de via\u021b\u0103 a unei ferestre obi\u0219nuite cu t\u00e2mpl\u0103rie PVC se \u00eencadreaz\u0103 \u00eentre 20 \u0219i 35 de ani. Estimativ, reiese c\u0103 pe termen lung o fereastr\u0103 VEKA este cu 50% mai accesibil\u0103 dec\u00e2t una mediocr\u0103, r\u0103m\u00e2n\u00e2nd pe pozi\u021bii de aproape dou\u0103 ori mai mult timp. Dar durabilitatea nu apare \u00eent\u00e2mpl\u0103tor. Pe l\u00e2ng\u0103 perete exterior cu grosime de 3 mm al sistemelor VEKA \u0219i armatur\u0103 din o\u021bel zincat cu grosime de minimum 1,5 mm, un sistem mai \u00eenseamn\u0103 cercetare \u0219i dezvoltare, testare \u0219i control riguros \u00een toate etapele de produc\u021bie. Laolalt\u0103, aceste am\u0103nunte \u00eenseamn\u0103 mult timp \u0219i mul\u021bi bani. Lu\u00e2nd ca exemplu doar matri\u021bele de extrudare a profilelor, VEKA investe\u0219te anual zeci de milioane de euro \u00een produc\u021bia \u0219i \u00eentre\u021binerea acestora, \u00een timp ce perioada de training a unui tehnician responsabil de ele dep\u0103\u0219e\u0219te un ciclu de licen\u021b\u0103. Mai exact, preg\u0103tirea unui matri\u021ber VEKA dureaz\u0103 nu mai pu\u021bin de 3,5 ani.<\/p>\n\n\n\n<p>Toate acestea fac ca <a href=\"https:\/\/www.fereastraveka.ro\/blog\/de-ce-profilele-pvc-nu-sunt-toate-la-fel-desi-par-identice\/\">t\u00e2mpl\u0103ria cu profil VEKA<\/a> s\u0103 reziste chiar \u0219i 50 de ani nu doar \u00een b\u0103taia soarelui fierbinte de var\u0103 \u0219i la temperaturi cu mult sub minus, sus\u021bin\u00e2nd vitraje grele cu trei foi de sticl\u0103 \u0219i suprafe\u021be mari, ci \u0219i la furtuni cu v\u00e2nt puternic \u0219i precipita\u021bii abundente sau alte \u00eencerc\u0103ri dinamice.<\/p>\n\n\n\n<figure class=\"wp-block-gallery has-nested-images columns-default is-cropped\">\n<figure class=\"wp-block-image size-large\"><img loading=\"lazy\" width=\"1024\" height=\"587\" data-id=\"1543\"  src=\"https:\/\/www.fereastraveka.ro\/blog\/wp-content\/uploads\/2026\/09\/3-VEKA-productie-ferestre-termoizolante-1024x587.jpg\" alt=\"\" class=\"wp-image-1543\" srcset=\"https:\/\/www.fereastraveka.ro\/blog\/wp-content\/uploads\/2026\/09\/3-VEKA-productie-ferestre-termoizolante-1024x587.jpg 1024w, https:\/\/www.fereastraveka.ro\/blog\/wp-content\/uploads\/2026\/09\/3-VEKA-productie-ferestre-termoizolante-300x172.jpg 300w, https:\/\/www.fereastraveka.ro\/blog\/wp-content\/uploads\/2026\/09\/3-VEKA-productie-ferestre-termoizolante-768x440.jpg 768w, https:\/\/www.fereastraveka.ro\/blog\/wp-content\/uploads\/2026\/09\/3-VEKA-productie-ferestre-termoizolante-1200x688.jpg 1200w, https:\/\/www.fereastraveka.ro\/blog\/wp-content\/uploads\/2026\/09\/3-VEKA-productie-ferestre-termoizolante.jpg 1500w\" sizes=\"(max-width: 1024px) 100vw, 1024px\" \/><\/figure>\n<\/figure>\n\n\n\n<h2><strong>Re\u021bea de produc\u0103tori acredita\u021bi pentru ferestre \u0219i u\u0219i termoizolante<\/strong><\/h2>\n\n\n\n<p>Profilul este o component\u0103 esen\u021bial\u0103, \u00eens\u0103 nu este singura care determin\u0103 calitatea ferestrei. Pentru ca performan\u021bele unui sistem de profile s\u0103 se reg\u0103seasc\u0103 \u00een produsul finit, este nevoie de <a href=\"https:\/\/www.fereastraveka.ro\/blog\/de-ce-este-important-montajul-profesional-al-unei-ferestre\/\">produc\u0103tori de t\u00e2mpl\u0103rie \u0219i montatori<\/a> capabili.<\/p>\n\n\n\n<p>De aceea, produc\u0103torii de top, precum VEKA \u2013 lider mondial \u00een produc\u021bia de sisteme exclusiv de Clasa A \u2013, sunt foarte aten\u021bi la reputa\u021bie \u0219i acord\u0103 o aten\u021bie deosebit\u0103 re\u021belei de parteneri. Prin urmare, compania german\u0103 colaboreaz\u0103 cu produc\u0103tori autoriza\u021bi, care trebuie s\u0103 \u00eendeplineasc\u0103 cerin\u021be stricte privind experien\u021ba, dotarea tehnic\u0103, profesionalismul \u0219i capacitatea de a respecta standardele de produc\u021bie \u0219i montaj a ferestrelor \u0219i a u\u0219ilor termoizolante.<\/p>\n\n\n\n<p>\u00cen plus, profesioni\u0219tii din re\u021beaua VEKA au acces la \u00eentreg\u00a0 know-how-ul companiei, acumulat timp de jum\u0103tate de secol \u00een peste 50 de \u021b\u0103ri din Europa, Asia \u0219i America, precum \u0219i la instrumente \u0219i solu\u021bii digitale dedicate, precum <a href=\"https:\/\/www.fereastraveka.ro\/blog\/windoplan-inovatia-veka-de-clasa-a-dedicata-specialistilor-in-constructii-de-cladiri-eficiente-energetic\/\">WinDoPlan<\/a>, care ajut\u0103 la proiectarea \u0219i configurarea t\u00e2mpl\u0103riei. Astfel, drumul de la profil la fereastra montat\u0103 \u00een locuin\u021b\u0103 este unul 100% controlat, nu o succesiune de improviza\u021bii.<\/p>\n\n\n\n<figure class=\"wp-block-image size-large\"><img loading=\"lazy\" width=\"1024\" height=\"683\" src=\"https:\/\/www.fereastraveka.ro\/blog\/wp-content\/uploads\/2026\/09\/4-VEKA-SOFTLINE-82-MD-SPECTRAL-feronerie-manere-sprosuri-1024x683.jpg\" alt=\"\" class=\"wp-image-1544\" srcset=\"https:\/\/www.fereastraveka.ro\/blog\/wp-content\/uploads\/2026\/09\/4-VEKA-SOFTLINE-82-MD-SPECTRAL-feronerie-manere-sprosuri-1024x683.jpg 1024w, https:\/\/www.fereastraveka.ro\/blog\/wp-content\/uploads\/2026\/09\/4-VEKA-SOFTLINE-82-MD-SPECTRAL-feronerie-manere-sprosuri-300x200.jpg 300w, https:\/\/www.fereastraveka.ro\/blog\/wp-content\/uploads\/2026\/09\/4-VEKA-SOFTLINE-82-MD-SPECTRAL-feronerie-manere-sprosuri-768x512.jpg 768w, https:\/\/www.fereastraveka.ro\/blog\/wp-content\/uploads\/2026\/09\/4-VEKA-SOFTLINE-82-MD-SPECTRAL-feronerie-manere-sprosuri-1200x800.jpg 1200w, https:\/\/www.fereastraveka.ro\/blog\/wp-content\/uploads\/2026\/09\/4-VEKA-SOFTLINE-82-MD-SPECTRAL-feronerie-manere-sprosuri.jpg 1500w\" sizes=\"(max-width: 1024px) 100vw, 1024px\" \/><\/figure>\n\n\n\n<h2><strong>Componente \u0219i accesorii de top: fiecare element conteaz\u0103<\/strong><\/h2>\n\n\n\n<p>Ferestrele termoizolante \u0219i u\u0219ile culisante din sticl\u0103, sunt sisteme complexe, nu doar profil, sticl\u0103, m\u00e2ner \u0219i balamale. Bagheta, feroneria ascuns\u0103, arm\u0103turile, modul de asamblare \u0219i, \u00een final, montajul, toate contribuie la rezultatul pe care \u00eel simte utilizatorul \u0219i la durabilitatea \u00eentregului ansamblu. De aceea, un produc\u0103tor de t\u00e2mpl\u0103rie care \u00ee\u0219i construie\u0219te reputa\u021bia pe calitate, precum cei selecta\u021bi de VEKA, nu va risca niciodat\u0103 s\u0103 compromit\u0103 o fereastr\u0103 performant\u0103 folosind componente inferioare. Asta deoarece o feronerie slab\u0103 poate afecta func\u021bionarea, un vitraj ales gre\u0219it poate limita eficien\u021ba termic\u0103 \u0219i izolarea fonic\u0103, iar un montaj necorespunz\u0103tor poate duce la nevoia de a \u00eenlocui \u00eentregul element.<\/p>\n\n\n\n<p>\u00cen cazul ferestrelor cu sisteme VEKA de Clasa A, configura\u021bia se alege cu ajutorul unui specialist, \u00een func\u021bie de proiect, dimensiuni, orientarea cl\u0103dirii \u0219i obiectivele de eficien\u021b\u0103 energetic\u0103. De exemplu, sistemele VEKA pot acomoda pachete de geam cu dou\u0103 sau trei foi, iar cu vitrajul potrivit \u0219i montaj profesional \u00eendeplinesc nu doar <a href=\"https:\/\/www.fereastraveka.ro\/blog\/conditiile-nzeb-pot-fi-indeplinite-cu-orice-sistem-veka-de-clasa-a\/\">cerin\u021bele nZEB<\/a>, ci \u0219i pe cele ale <a href=\"https:\/\/www.fereastraveka.ro\/blog\/softline-82-profilul-de-top-al-unei-game-exclusiv-de-clasa-a\/\">caselor pasive<\/a>. Mai departe, finisajele exclusive <a href=\"https:\/\/www.fereastraveka.ro\/blog\/veka-feinstruktur-a-devenit-rapid-una-dintre-cele-mai-populare-solutii-de-personalizare-pentru-ferestre-si-usi-termoizolante-iata-de-ce\/\">FEINSTRUKTUR<\/a> \u0219i SPECTRAL se aplic\u0103 direct de c\u0103tre VEKA, oferind rame cu texturi \u0219i aspect premium garantat timp de zeci de ani. De cur\u00e2nd, VEKA a introdus \u0219i noul concept <a href=\"https:\/\/www.fereastraveka.ro\/blog\/colour-edition-de-la-veka-ferestre-de-clasa-a-cu-nuante-exclusive-mai-rapid-ca-oricand\/\">Colour Edition<\/a>, prin care 13 dintre cele mai solicitate nuan\u021be, texturi \u0219i imita\u021bii de esen\u021be lemnoase sunt disponibile rapid, din stocuri aflate \u00een Rom\u00e2nia sau Germania. Astfel, ferestre ca cele cu profil gri antracit \u0219i textur\u0103 ce imit\u0103 suprafe\u021be din aluminiu vopsit cu pulbere ajung la produc\u0103torul de t\u00e2mpl\u0103rie \u00een doar c\u00e2teva zile.<\/p>\n\n\n\n<figure class=\"wp-block-image size-large\"><img loading=\"lazy\" width=\"1024\" height=\"683\" src=\"https:\/\/www.fereastraveka.ro\/blog\/wp-content\/uploads\/2026\/09\/5-VEKA-usi-termoizolante-din-sticla-1024x683.jpg\" alt=\"\" class=\"wp-image-1545\" srcset=\"https:\/\/www.fereastraveka.ro\/blog\/wp-content\/uploads\/2026\/09\/5-VEKA-usi-termoizolante-din-sticla-1024x683.jpg 1024w, https:\/\/www.fereastraveka.ro\/blog\/wp-content\/uploads\/2026\/09\/5-VEKA-usi-termoizolante-din-sticla-300x200.jpg 300w, https:\/\/www.fereastraveka.ro\/blog\/wp-content\/uploads\/2026\/09\/5-VEKA-usi-termoizolante-din-sticla-768x512.jpg 768w, https:\/\/www.fereastraveka.ro\/blog\/wp-content\/uploads\/2026\/09\/5-VEKA-usi-termoizolante-din-sticla-1200x800.jpg 1200w, https:\/\/www.fereastraveka.ro\/blog\/wp-content\/uploads\/2026\/09\/5-VEKA-usi-termoizolante-din-sticla.jpg 1500w\" sizes=\"(max-width: 1024px) 100vw, 1024px\" \/><\/figure>\n\n\n\n<h2><strong>Pre\u021bul mic sau costul mic?<\/strong><\/h2>\n\n\n\n<p>Pre\u021bul este suma pe care o pl\u0103te\u0219ti ast\u0103zi pentru o fereastr\u0103. Costul este suma pe care o pl\u0103te\u0219ti pentru a cump\u0103ra, \u00eentre\u021bine, repara \u0219i, eventual, \u00eenlocui o fereastr\u0103 defect\u0103 \u00eenainte de termen. Prin urmare, o fereastr\u0103 cu pre\u021b mic la cump\u0103rare ajunge la un cost mare dac\u0103 trebuie \u00eenlocuit\u0103 mai devreme de 10-15 ani, dac\u0103 necesit\u0103 interven\u021bii frecvente sau dac\u0103 performan\u021bele sale termoizolante sunt modeste. \u00cen schimb, investi\u021bia \u00eentr-o fereastr\u0103 de calitate, cu profil rezistent, componente potrivite, execu\u021bie corect\u0103 \u0219i montaj profesional, se amortizeaz\u0103 \u00een doar c\u00e2\u021biva ani \u0219i contribuie an de an la facturi mai mici cu \u00eenc\u0103lzirea \u0219i r\u0103cirea cl\u0103dirilor.<\/p>\n\n\n\n<p>De aceea, c\u00e2nd compari dou\u0103 oferte, nu te opri la pre\u021b. Uit\u0103-te la ce prime\u0219ti pentru acea sum\u0103 \u0219i, mai ales, la c\u00e2\u021bi ani te po\u021bi baza pe investi\u021bia respectiv\u0103. \u00cen fond, cea mai ieftin\u0103 fereastr\u0103 nu este cea care cost\u0103 cel mai pu\u021bin ast\u0103zi. Este cea care \u00ee\u021bi ofer\u0103 cel mai bun raport pre\u021b\/performan\u021b\u0103 pe durata a cel pu\u021bin 50 de ani.<\/p>\n\n\n\n<p>Dac\u0103 e\u0219ti \u00een c\u0103utarea unor ferestre termoizolante de calitate, nu uita s\u0103 solici\u021bi \u0219i <a href=\"https:\/\/www.fereastraveka.ro\/oferta_tamplarie_pvc\">oferta VEKA<\/a>. Nu te cost\u0103 nimic \u0219i afli exact ce \u00eei trebuie casei tale de la speciali\u0219ti acredita\u021bi de liderul mondial \u00een produc\u021bia de sisteme exclusiv de Clasa A pentru ferestre \u0219i u\u0219i termoizolante, VEKA.<\/p>\n","protected":false},"excerpt":{"rendered":"<p>Atunci c\u00e2nd cump\u0103r\u0103m un tricou sau o pereche de \u00eenc\u0103l\u021b\u0103minte, \u0219tim deja c\u0103 pre\u021bul cel mai mic nu \u00eenseamn\u0103 \u00eentotdeauna \u0219i cea mai bun\u0103 afacere. Tricoul cel mai ieftin \u00ee\u0219i poate pierde forma \u0219i culoarea dup\u0103 c\u00e2teva sp\u0103l\u0103ri, iar pantofii de 2 lei r\u0103m\u00e2n de multe ori f\u0103r\u0103 talp\u0103 \u00eenainte s\u0103 vin\u0103 toamna. \u00cen final, [&hellip;]<\/p>\n","protected":false},"author":2,"featured_media":1541,"comment_status":"closed","ping_status":"open","sticky":false,"template":"","format":"standard","meta":[],"categories":[1],"tags":[],"acf":[],"_links":{"self":[{"href":"https:\/\/www.fereastraveka.ro\/blog\/wp-json\/wp\/v2\/posts\/1540"}],"collection":[{"href":"https:\/\/www.fereastraveka.ro\/blog\/wp-json\/wp\/v2\/posts"}],"about":[{"href":"https:\/\/www.fereastraveka.ro\/blog\/wp-json\/wp\/v2\/types\/post"}],"author":[{"embeddable":true,"href":"https:\/\/www.fereastraveka.ro\/blog\/wp-json\/wp\/v2\/users\/2"}],"replies":[{"embeddable":true,"href":"https:\/\/www.fereastraveka.ro\/blog\/wp-json\/wp\/v2\/comments?post=1540"}],"version-history":[{"count":1,"href":"https:\/\/www.fereastraveka.ro\/blog\/wp-json\/wp\/v2\/posts\/1540\/revisions"}],"predecessor-version":[{"id":1546,"href":"https:\/\/www.fereastraveka.ro\/blog\/wp-json\/wp\/v2\/posts\/1540\/revisions\/1546"}],"wp:featuredmedia":[{"embeddable":true,"href":"https:\/\/www.fereastraveka.ro\/blog\/wp-json\/wp\/v2\/media\/1541"}],"wp:attachment":[{"href":"https:\/\/www.fereastraveka.ro\/blog\/wp-json\/wp\/v2\/media?parent=1540"}],"wp:term":[{"taxonomy":"category","embeddable":true,"href":"https:\/\/www.fereastraveka.ro\/blog\/wp-json\/wp\/v2\/categories?post=1540"},{"taxonomy":"post_tag","embeddable":true,"href":"https:\/\/www.fereastraveka.ro\/blog\/wp-json\/wp\/v2\/tags?post=1540"}],"curies":[{"name":"wp","href":"https:\/\/api.w.org\/{rel}","templated":true}]}}