{"id":500,"date":"2021-07-15T11:36:23","date_gmt":"2021-07-15T08:36:23","guid":{"rendered":"https:\/\/www.fereastraveka.ro\/blog\/?p=500"},"modified":"2021-07-15T12:00:19","modified_gmt":"2021-07-15T09:00:19","slug":"cum-sa-iti-alegi-fereastra-potrivita","status":"publish","type":"post","link":"https:\/\/www.fereastraveka.ro\/blog\/cum-sa-iti-alegi-fereastra-potrivita\/","title":{"rendered":"Cum s\u0103 \u00ee\u021bi alegi fereastra potrivit\u0103?"},"content":{"rendered":"\n<p>C\u00e2nd vine vorba de confort, fereastra este unul dintre cele mai importante elemente ale unei construc\u021bii. Vara \u021bine temperaturile ridicate \u00een afara locuin\u021bei, iarna p\u0103streaz\u0103 c\u0103ldura \u00een interior, iar pe tot parcursul anului, permite soarelui s\u0103 ilumineze natural \u00eenc\u0103perea. Din aceste motive, atunci c\u00e2nd vine vorba de renovare sau construirea unei locuin\u021be noi, alegerea unei ferestre nu trebuie l\u0103sat\u0103 la voia \u00eent\u00e2mpl\u0103rii.<\/p>\n\n\n\n<p><strong>Cum alegi fereastra potrivit\u0103 pentru casa ta?<\/strong><\/p>\n\n\n\n<p>Cele mai importante aspecte de care trebuie \u021binut cont \u00een momentul alegerii tipului de fereastr\u0103 sunt zona climatic\u0103 \u0219i necesarul de izolare termic\u0103, precum \u0219i nivelul de expunere la poluarea fonic\u0103. Pare o decizie simpl\u0103, \u00eens\u0103 aceste dou\u0103 criterii ascund mul\u021bi parametri, iar o selec\u021bie f\u0103cut\u0103 pe baza unor informa\u021bii incomplete sau la recomandarea unor persoane neavizate, se poate dovedi ineficient\u0103. Cel mai bun sfat pe care \u00eel putem oferi legat de alegerea ferestrei? Apeleaz\u0103 la un specialist!<\/p>\n\n\n\n<p>Spre exemplu, recomand\u0103rile f\u0103cute de partenerii VEKA iau \u00een considerare ansamblul locuin\u021bei \u0219i necesarul de izolare termic\u0103, regimul de \u00een\u0103l\u021bime, umiditatea aerului, gradul de expunere la lumina solar\u0103 direct\u0103 \u0219i reflectat\u0103, etc. \u00cen ceea ce prive\u0219te zgomotul, o zon\u0103 central\u0103 cu trafic intens sau \u00een cre\u0219tere, poate genera poluare fonic\u0103 \u0219i, implicit, poate \u00eensemna un necesar suplimentar de izolare fonic\u0103. Av\u00e2nd \u00een vedere c\u0103 o fereastr\u0103 realizat\u0103 cu sisteme VEKA are o durat\u0103 de via\u021b\u0103 estimat\u0103 la 50 de ani, alegerea celei potrivite trebuie s\u0103 ia \u00een calcul \u0219i factori care pot afecta confortul pe viitor. Apel\u00e2nd la un partener VEKA, apelezi la speciali\u0219ti cu o preg\u0103tire profesional\u0103 riguroas\u0103 care au al\u0103turi numero\u0219i ani de experien\u021b\u0103 \u00een domeniul ferestrelor cu profile PVC.<\/p>\n\n\n\n<p><strong>Care sunt cele mai eficiente modele de ferestre?<\/strong><\/p>\n\n\n\n<p>Cele dou\u0103 elemente principale ale unei ferestre sunt pachetul de geam \u0219i profilul. \u00cen mod evident, sticla este materialul cu cea mai mare pondere \u00een componen\u021ba ferestrelor \u0219i principala barier\u0103 \u00eempotriva zgomotului de afar\u0103 \u0219i a pierderilor de energie. Cu c\u00e2t pachetul de geam are mai multe foi de sticl\u0103 \u2013 trei sau mai lat, eventual \u0219i cu grosimi diferite ale foilor de sticl\u0103, cu at\u00e2t izolarea termic\u0103 \u0219i fonic\u0103 este mai bun\u0103. Problema este c\u0103 astfel de pachete au o greutate \u00eensemnat\u0103 \u0219i nu pot fi sus\u021binute pe termen lung de orice fel de profil. De aceea, ferestrele eficiente au nevoie de profile care s\u0103 le poat\u0103 sus\u021bine, s\u0103 le asigure stabilitatea \u0219i s\u0103 \u00eenchid\u0103 perfect fereastra. Toate aceste condi\u021bii sunt \u00eendeplinite de sistemele clasa A, iar cele de la VEKA sunt capabile s\u0103 r\u0103spund\u0103 acestor cerin\u021be chiar \u0219i p\u00e2n\u0103 la 50 de ani.<\/p>\n\n\n\n<p>Astfel, izolarea termic\u0103 a unei ferestre este dat\u0103 de mixul dintre pachetul de sticl\u0103 \u0219i eficien\u021ba termic\u0103 a profilul dat\u0103 de ad\u00e2ncimea lui de \u00eencastrare \u0219i num\u0103rul interior de camere de izolare. Ambele componente trebuie s\u0103 \u201elucreze\u201d \u00eempreun\u0103 \u0219i, implicit, solu\u021bia constructiv\u0103 nu poate neglija una din ele \u00een favoarea celeilalte.<\/p>\n\n\n\n<figure class=\"wp-block-image size-large\"><img loading=\"lazy\" width=\"1024\" height=\"684\" src=\"https:\/\/www.fereastraveka.ro\/blog\/wp-content\/uploads\/2021\/07\/Bacau-0443-1024x684.jpg\" alt=\"\" class=\"wp-image-501\" srcset=\"https:\/\/www.fereastraveka.ro\/blog\/wp-content\/uploads\/2021\/07\/Bacau-0443-1024x684.jpg 1024w, https:\/\/www.fereastraveka.ro\/blog\/wp-content\/uploads\/2021\/07\/Bacau-0443-300x200.jpg 300w, https:\/\/www.fereastraveka.ro\/blog\/wp-content\/uploads\/2021\/07\/Bacau-0443-768x513.jpg 768w, https:\/\/www.fereastraveka.ro\/blog\/wp-content\/uploads\/2021\/07\/Bacau-0443-1536x1025.jpg 1536w, https:\/\/www.fereastraveka.ro\/blog\/wp-content\/uploads\/2021\/07\/Bacau-0443-1200x801.jpg 1200w, https:\/\/www.fereastraveka.ro\/blog\/wp-content\/uploads\/2021\/07\/Bacau-0443.jpg 1772w\" sizes=\"(max-width: 1024px) 100vw, 1024px\" \/><\/figure>\n\n\n\n<p>Dac\u0103 dore\u0219ti s\u0103 ai cele mai eficiente ferestre din punct de vedere termic, atunci po\u021bi \u00eencepe cu profilul VEKA SOFTLINE 82. Aceast\u0103 solu\u021bie are 7 camere \u00een toc \u0219i 6 \u00een cercevea, garnitur\u0103 median\u0103 \u0219i coeficient de transfer termic de p\u00e2n\u0103 la 0,67W\/m\u00b2K, adic\u0103 poate fi folosit chiar \u0219i \u00een cazul caselor pasive. Mai departe, op\u021biuni precum arm\u0103tura termoizolant\u0103 \u00een profil sau pachetul cu 3 foi de sticl\u0103, prev\u0103zut la interior cu argon sau krypton, pot face parte din solu\u021bia final\u0103 de t\u00e2mpl\u0103rie, c\u0103ci pot maximiza gradul de izolare termic\u0103, iar o bun\u0103 izolare \u00eenseamn\u0103 \u0219i costuri reduse cu \u00eenc\u0103lzirea sau r\u0103cirea locuin\u021bei.<\/p>\n\n\n\n<p>\u00cen caz c\u0103 locuie\u0219ti \u00eentr-o zon\u0103 urban\u0103 aglomerat\u0103, sigur pui mare pre\u021b \u0219i pe izolarea fonic\u0103. Pentru a instaura lini\u0219tea \u00een interiorul casei tale, configura\u021biei pachetului de geam \u00eei po\u021bi alege o solu\u021bie cu foi de sticl\u0103 de dimensiuni diferite, care diminueaz\u0103 impactul polu\u0103rii fonice. O astfel de fereastr\u0103 poate izola fonic chiar \u0219i zgomote cu valori de 50dB \u0219i, chiar dac\u0103 greutatea pachetului de geam cre\u0219te semnificativ, el poate fi sus\u021binut f\u0103r\u0103 probleme de profilele clasa A de la VEKA.<\/p>\n\n\n\n<p>Vezi mai multe informa\u021bii despre izolarea fonic\u0103 \u00een video-ul de mai jos:<\/p>\n\n\n<p><iframe loading=\"lazy\" title=\"YouTube video player\" src=\"https:\/\/www.youtube.com\/embed\/kdRkBjr0m0U\" width=\"560\" height=\"315\" frameborder=\"0\" allowfullscreen=\"allowfullscreen\"><\/iframe><\/p>\n\n\n<p><strong>C\u00e2te tipuri de ferestre exist\u0103? Care sunt modelele cele mai deosebite?<\/strong> <\/p>\n\n\n\n<p>Putem \u00eemp\u0103r\u021bi ferestre \u00een func\u021bie de eficien\u021b\u0103, deschideri, form\u0103 sau amplasare. Eficien\u021ba este o condi\u021bie esen\u021bial\u0103 pe care trebuie s\u0103 o \u00eendeplineasc\u0103 toate ferestrele, \u00eens\u0103 nu exist\u0103 o re\u021bet\u0103 universal\u0103 pentru a o atinge. Cea mai bun\u0103 solu\u021bie este consultarea unui specialist avizat, care va lua \u00een considerare clima, necesarul de confort, designul arhitectural, precum \u0219i al\u021bi factorii externi. \u00cen ceea ce prive\u0219te tipurile de deschideri, acestea pot fi bine-cunoscutele deschideri batante\/oscilobatante interioare sau pot fi alese sisteme mai complexe pentru deschideri exterioare, ferestre cu montant mobil sau u\u0219i \u0219i ferestre culisante. C\u00e2nd vorbim de form\u0103, putem spune c\u0103 este deosebit\u0103 orice fereastr\u0103 care nu are form\u0103 rectangular\u0103. Acestea pot fi triunghiulare, patrulatere asimetrice, rectangulare cu arcad\u0103 sau rotunde \u0219i reprezint\u0103 o provocare, deoarece nu ofer\u0103 mereu condi\u021biile necesare mont\u0103rii unui num\u0103r mare de balamale. \u00cen aceste situa\u021bii, ele au nevoie de soliditatea profilelor clasa A pentru a putea fi func\u021bionale.<\/p>\n\n\n\n<figure class=\"wp-block-image size-large\"><img loading=\"lazy\" width=\"1024\" height=\"684\" src=\"https:\/\/www.fereastraveka.ro\/blog\/wp-content\/uploads\/2021\/07\/Veka-Timisoara-0335-1024x684.jpg\" alt=\"\" class=\"wp-image-502\" srcset=\"https:\/\/www.fereastraveka.ro\/blog\/wp-content\/uploads\/2021\/07\/Veka-Timisoara-0335-1024x684.jpg 1024w, https:\/\/www.fereastraveka.ro\/blog\/wp-content\/uploads\/2021\/07\/Veka-Timisoara-0335-300x200.jpg 300w, https:\/\/www.fereastraveka.ro\/blog\/wp-content\/uploads\/2021\/07\/Veka-Timisoara-0335-768x513.jpg 768w, https:\/\/www.fereastraveka.ro\/blog\/wp-content\/uploads\/2021\/07\/Veka-Timisoara-0335-1536x1025.jpg 1536w, https:\/\/www.fereastraveka.ro\/blog\/wp-content\/uploads\/2021\/07\/Veka-Timisoara-0335-1200x801.jpg 1200w, https:\/\/www.fereastraveka.ro\/blog\/wp-content\/uploads\/2021\/07\/Veka-Timisoara-0335.jpg 1772w\" sizes=\"(max-width: 1024px) 100vw, 1024px\" \/><\/figure>\n\n\n\n<p><strong>Montajul ferestrelor trebuie f\u0103cut de un specialist? Dac\u0103 da, de ce?<\/strong><\/p>\n\n\n\n<p>Chiar dac\u0103 nu pare a fi o sarcin\u0103 extrem de dificil\u0103, montarea ferestrelor trebuie s\u0103 \u201dias\u0103 din prima\u201d. G\u0103urirea repetat\u0103 a profilelor scade rezisten\u021ba acestora, iar ferestrele care ignor\u0103 polobocul se deterioreaz\u0103 rapid sau pot cauza alte daune. Mai mult, pentru a evita surprizele nepl\u0103cute, ai nevoie de experien\u021b\u0103 sau \u00eendrumare la fa\u021ba locului, instrumente profesionale, accesorii specifice \u0219i echipament de protec\u021bie. Muchiile ascu\u021bite ale geamurilor \u0219i uneltele de mare putere se pot dovedi periculoase \u0219i pot transforma bucuria renov\u0103rii \u00eentr-o experien\u021b\u0103 nepl\u0103cut\u0103.<\/p>\n\n\n\n<figure class=\"wp-block-image size-large\"><img loading=\"lazy\" width=\"1024\" height=\"683\" src=\"https:\/\/www.fereastraveka.ro\/blog\/wp-content\/uploads\/2021\/07\/Montaj-1024x683.jpg\" alt=\"\" class=\"wp-image-503\" srcset=\"https:\/\/www.fereastraveka.ro\/blog\/wp-content\/uploads\/2021\/07\/Montaj-1024x683.jpg 1024w, https:\/\/www.fereastraveka.ro\/blog\/wp-content\/uploads\/2021\/07\/Montaj-300x200.jpg 300w, https:\/\/www.fereastraveka.ro\/blog\/wp-content\/uploads\/2021\/07\/Montaj-768x512.jpg 768w, https:\/\/www.fereastraveka.ro\/blog\/wp-content\/uploads\/2021\/07\/Montaj-1536x1025.jpg 1536w, https:\/\/www.fereastraveka.ro\/blog\/wp-content\/uploads\/2021\/07\/Montaj-1200x801.jpg 1200w, https:\/\/www.fereastraveka.ro\/blog\/wp-content\/uploads\/2021\/07\/Montaj.jpg 1920w\" sizes=\"(max-width: 1024px) 100vw, 1024px\" \/><\/figure>\n\n\n\n<p><strong>Ce procent din bugetul renov\u0103rii\/construc\u021biei trebuie alocat ferestrelor?<\/strong><\/p>\n\n\n\n<p>Procentele, de\u0219i foarte populare, pot fi \u00een\u0219el\u0103toare c\u00e2nd nu se precizeaz\u0103 baza de la care au fost calculate. \u00cen domeniul proiect\u0103rii construc\u021biilor, ele sunt strict reglementate, dar c\u00e2nd vine vorba de confort nu se poate stabili o rela\u021bie precis\u0103. Ca s\u0103 r\u0103spundem totu\u0219i acestei \u00eentreb\u0103ri, limita minim\u0103 este solu\u021bia optim\u0103 recomandat\u0103 de un specialist, iar limita maxim\u0103 este nivelul de confort dorit de beneficiar. Pentru o evaluare c\u00e2t mai exact\u0103 a nevoilor tale, \u00ee\u021bi recomand\u0103m s\u0103 contactezi cel mai apropiat <a href=\"https:\/\/www.fereastraveka.ro\/oferta_tamplarie_pvc\">partener VEKA<\/a>.<\/p>\n","protected":false},"excerpt":{"rendered":"<p>C\u00e2nd vine vorba de confort, fereastra este unul dintre cele mai importante elemente ale unei construc\u021bii. <\/p>\n","protected":false},"author":2,"featured_media":504,"comment_status":"closed","ping_status":"open","sticky":false,"template":"","format":"standard","meta":[],"categories":[1],"tags":[30,10],"acf":[],"_links":{"self":[{"href":"https:\/\/www.fereastraveka.ro\/blog\/wp-json\/wp\/v2\/posts\/500"}],"collection":[{"href":"https:\/\/www.fereastraveka.ro\/blog\/wp-json\/wp\/v2\/posts"}],"about":[{"href":"https:\/\/www.fereastraveka.ro\/blog\/wp-json\/wp\/v2\/types\/post"}],"author":[{"embeddable":true,"href":"https:\/\/www.fereastraveka.ro\/blog\/wp-json\/wp\/v2\/users\/2"}],"replies":[{"embeddable":true,"href":"https:\/\/www.fereastraveka.ro\/blog\/wp-json\/wp\/v2\/comments?post=500"}],"version-history":[{"count":3,"href":"https:\/\/www.fereastraveka.ro\/blog\/wp-json\/wp\/v2\/posts\/500\/revisions"}],"predecessor-version":[{"id":512,"href":"https:\/\/www.fereastraveka.ro\/blog\/wp-json\/wp\/v2\/posts\/500\/revisions\/512"}],"wp:featuredmedia":[{"embeddable":true,"href":"https:\/\/www.fereastraveka.ro\/blog\/wp-json\/wp\/v2\/media\/504"}],"wp:attachment":[{"href":"https:\/\/www.fereastraveka.ro\/blog\/wp-json\/wp\/v2\/media?parent=500"}],"wp:term":[{"taxonomy":"category","embeddable":true,"href":"https:\/\/www.fereastraveka.ro\/blog\/wp-json\/wp\/v2\/categories?post=500"},{"taxonomy":"post_tag","embeddable":true,"href":"https:\/\/www.fereastraveka.ro\/blog\/wp-json\/wp\/v2\/tags?post=500"}],"curies":[{"name":"wp","href":"https:\/\/api.w.org\/{rel}","templated":true}]}}