{"id":643,"date":"2021-10-26T11:27:50","date_gmt":"2021-10-26T08:27:50","guid":{"rendered":"https:\/\/www.fereastraveka.ro\/blog\/?p=643"},"modified":"2021-10-26T11:27:51","modified_gmt":"2021-10-26T08:27:51","slug":"placarea-cu-aluminiu-a-profilelor-pvc-tot-ce-trebuie-sa-stii","status":"publish","type":"post","link":"https:\/\/www.fereastraveka.ro\/blog\/placarea-cu-aluminiu-a-profilelor-pvc-tot-ce-trebuie-sa-stii\/","title":{"rendered":"Placarea cu aluminiu a profilelor PVC \u2013 tot ce trebuie s\u0103 \u0219tii"},"content":{"rendered":"\n<p>Atuurile pe care le prezint\u0103 profilele din PVC au f\u0103cut ca acest material s\u0103 \u00eenlocuiasc\u0103 cu succes aluminiul \u0219i lemnul \u00een realizarea ferestrelor \u0219i a u\u0219ilor termoizolante, oferind confort, economii energetice \u0219i multe alte beneficii, toate la un raport cost-beneficiu mult mai avantajos. Totu\u0219i, \u00een ceea ce prive\u0219te num\u0103rul posibilit\u0103\u021bilor de personalizare \u0219i rezisten\u021ba la impact, aluminiul a r\u0103mas \u00een avantaj. VEKA ofer\u0103 peste 60 folieri \u00een culori RAL, imita\u021bii de lemn sau folieri metalice termorefractare, care acoper\u0103 marea majoritate a personaliz\u0103rilor pe care \u0219i le-ar putea dori clien\u021bii. \u00cens\u0103, \u00een unele cazuri particulare, precum renovarea unei cl\u0103diri-monument istoric sau a fa\u021badelor cu caracteristici deosebite, se impune uneori vopsirea profilelor \u00een nuan\u021be cu totul speciale. Pentru aceste cazuri, solu\u021bia oferit\u0103 de VEKA este placarea cu aluminiu, solu\u021bie care ofer\u0103 \u0219i un nivel suplimentar de protec\u021bie a profilelor PVC.<\/p>\n\n\n\n<figure class=\"wp-block-image size-large\"><img loading=\"lazy\" width=\"1000\" height=\"599\" src=\"https:\/\/www.fereastraveka.ro\/blog\/wp-content\/uploads\/2021\/10\/Accesorii-PLACARI-ALUMINIU.jpg\" alt=\"\" class=\"wp-image-644\" srcset=\"https:\/\/www.fereastraveka.ro\/blog\/wp-content\/uploads\/2021\/10\/Accesorii-PLACARI-ALUMINIU.jpg 1000w, https:\/\/www.fereastraveka.ro\/blog\/wp-content\/uploads\/2021\/10\/Accesorii-PLACARI-ALUMINIU-300x180.jpg 300w, https:\/\/www.fereastraveka.ro\/blog\/wp-content\/uploads\/2021\/10\/Accesorii-PLACARI-ALUMINIU-768x460.jpg 768w\" sizes=\"(max-width: 1000px) 100vw, 1000px\" \/><\/figure>\n\n\n\n<p><strong>Ce implic\u0103 placarea cu aluminiu a profilelor PVC?<\/strong><\/p>\n\n\n\n<p>Procedura este una c\u00e2t se poate de simpl\u0103: fe\u021bei exterioare a profilului din PVC i se ata\u0219eaz\u0103 un profil special din aluminiu. Placa din aluminiu este proiectat\u0103 astfel \u00eenc\u00e2t s\u0103 se prind\u0103 ferm \u00een nervurile profilelor clasa A de la VEKA \u0219i s\u0103 le ofere acestora posibilit\u0103\u021bi extinse de personalizare, c\u00e2t \u0219i un scut adi\u021bional \u00eempotriva intemperiilor.<\/p>\n\n\n\n<p><strong>Care sunt avantajele plac\u0103rii cu aluminiu a profilelor PVC?<\/strong><\/p>\n\n\n\n<p>Principalele avantaje sunt date de nuan\u021bele suplimentare pe care le poate lua o fereastr\u0103 \u0219i de faptul c\u0103 profilul beneficiaz\u0103 de o barier\u0103 adi\u021bional\u0103 \u00eempotriva factorilor mecanici sau a intemperiilor. Se poate opta pentru placare \u0219i vopsirea tocurilor \u0219i a cercevelelor \u00een aceea\u0219i culoare, toc de o culoare \u0219i cercevea de alt\u0103 culoare, culori exterioare diferite de cele interioare sau placarea doar a tocului sau doar a cercevelei. Probabil te \u00eentrebi de ce nu ai opta de la \u00eenceput pentru ferestre cu profil 100% din aluminiu. R\u0103spunsul este simplu. C\u00e2nd vine vorba de izolare termic\u0103, aluminiul este un material slab \u00a0izolator \u0219i are nevoie de barier\u0103 termic\u0103 pentru a preveni condensul pe interior. Bariera termic\u0103 presupune costuri suplimentare, iar implementarea dificil\u0103 \u00ee\u0219i poate pierde eficien\u021ba pe termen lung. \u00cen schimb, PVC-ul ofer\u0103 un raport cost-beneficiu mult mai bun fa\u021b\u0103 de aluminiu deoarece este un material eficient termic prin natura sa \u0219i poate fi personalizat prin foliere, vopsire sau prin placarea cu aluminiu, aceasta din urm\u0103 juc\u00e2nd \u0219i rol de scut \u00eempotriva intemperiilor \u0219i a factorilor fizici externi.<\/p>\n\n\n\n<figure class=\"wp-block-image size-large\"><img loading=\"lazy\" width=\"1008\" height=\"929\" src=\"https:\/\/www.fereastraveka.ro\/blog\/wp-content\/uploads\/2021\/10\/VEKA_placare_aluminiu.png\" alt=\"\" class=\"wp-image-645\" srcset=\"https:\/\/www.fereastraveka.ro\/blog\/wp-content\/uploads\/2021\/10\/VEKA_placare_aluminiu.png 1008w, https:\/\/www.fereastraveka.ro\/blog\/wp-content\/uploads\/2021\/10\/VEKA_placare_aluminiu-300x276.png 300w, https:\/\/www.fereastraveka.ro\/blog\/wp-content\/uploads\/2021\/10\/VEKA_placare_aluminiu-768x708.png 768w\" sizes=\"(max-width: 1008px) 100vw, 1008px\" \/><\/figure>\n\n\n\n<p><strong>Placarea cu aluminiu l\u0103rge\u0219te gama de posibilit\u0103\u021bi de personalizare a ferestrelor? Dac\u0103 da, \u00een ce fel?<\/strong><\/p>\n\n\n\n<p>Paletarul VEKA reune\u0219te peste 60 de nuan\u021be de personalizare precum \u0219i tehnologia <a href=\"https:\/\/www.fereastraveka.ro\/spectral\/\">SPECTRAL<\/a> ce pot fi aplicate direct pe profilele clasa A. Ad\u0103ug\u0103m permanent op\u021biuni noi de foliere dar, pentru a r\u0103spunde prompt solicit\u0103rilor care ies din sfera existent\u0103 de op\u021biuni, placarea cu aluminiu este solu\u021bia complementar\u0103 pe care partenerii VEKA o pot oferi \u00een cazul cerin\u021belor foarte specifice. Ca idee, elementele din aluminiu folosite pentru placarea profilelor PVC pot fi vopsite electrostatic \u00een orice culoare RAL, mai exact, \u00een peste 2.000 de nuan\u021be.<\/p>\n\n\n\n<p><strong>C\u0103rui tip de locuin\u021b\u0103 i se potrive\u0219te placarea cu aluminiu a profilelor PVC?<\/strong><\/p>\n\n\n\n<p>\u00cen particular, placarea cu aluminiu este recomandat\u0103 acolo unde t\u00e2mpl\u0103ria PVC are nevoie de un strat suplimentar de protec\u021bie sau acolo unde designul arhitectural impune o astfel de solu\u021bie. Varietatea destina\u021biilor este mare, put\u00e2ndu-se adresa blocurilor \u00een care ad\u00e2ncimea de \u00eencastrare a ferestrei nu o protejeaz\u0103 de grindin\u0103, locuin\u021belor aflate \u00een zone unde au loc frecvent furtuni de nisip, sau alte particule fine care au efect de sablare \u0219i chiar \u0219i halelor industriale. Chiar dac\u0103 profilele clasa A de la VEKA sunt suficient de rezistente pentru a face fa\u021b\u0103 unor astfel de condi\u021bii, un strat suplimentar de protec\u021bie nu face dec\u00e2t s\u0103 sporeasc\u0103 durata de via\u021b\u0103 a acestora.<\/p>\n\n\n\n<p>Pentru c\u0103 punem mereu pe primul loc versatilitatea, toate gamele principale de sisteme VEKA pot suporta la exterior placarea cu aluminiu. Pentru a face alegerea \u00een deplin\u0103 cuno\u0219tin\u021b\u0103 de cauz\u0103, apeleaz\u0103 la unul dintre <a href=\"https:\/\/www.fereastraveka.ro\/oferta_tamplarie_pvc\">partenerii VEKA<\/a> \u00eenainte s\u0103 iei o decizie.<\/p>\n","protected":false},"excerpt":{"rendered":"<p>Atuurile pe care le prezint\u0103 profilele din PVC au f\u0103cut ca acest material s\u0103 \u00eenlocuiasc\u0103 cu succes aluminiul \u0219i lemnul \u00een realizarea ferestrelor \u0219i a u\u0219ilor termoizolante, oferind confort, economii energetice \u0219i multe alte beneficii, toate la un raport cost-beneficiu mult mai avantajos. Totu\u0219i, \u00een ceea ce prive\u0219te num\u0103rul posibilit\u0103\u021bilor de personalizare \u0219i rezisten\u021ba la [&hellip;]<\/p>\n","protected":false},"author":2,"featured_media":646,"comment_status":"closed","ping_status":"open","sticky":false,"template":"","format":"standard","meta":[],"categories":[1],"tags":[31],"acf":[],"_links":{"self":[{"href":"https:\/\/www.fereastraveka.ro\/blog\/wp-json\/wp\/v2\/posts\/643"}],"collection":[{"href":"https:\/\/www.fereastraveka.ro\/blog\/wp-json\/wp\/v2\/posts"}],"about":[{"href":"https:\/\/www.fereastraveka.ro\/blog\/wp-json\/wp\/v2\/types\/post"}],"author":[{"embeddable":true,"href":"https:\/\/www.fereastraveka.ro\/blog\/wp-json\/wp\/v2\/users\/2"}],"replies":[{"embeddable":true,"href":"https:\/\/www.fereastraveka.ro\/blog\/wp-json\/wp\/v2\/comments?post=643"}],"version-history":[{"count":1,"href":"https:\/\/www.fereastraveka.ro\/blog\/wp-json\/wp\/v2\/posts\/643\/revisions"}],"predecessor-version":[{"id":647,"href":"https:\/\/www.fereastraveka.ro\/blog\/wp-json\/wp\/v2\/posts\/643\/revisions\/647"}],"wp:featuredmedia":[{"embeddable":true,"href":"https:\/\/www.fereastraveka.ro\/blog\/wp-json\/wp\/v2\/media\/646"}],"wp:attachment":[{"href":"https:\/\/www.fereastraveka.ro\/blog\/wp-json\/wp\/v2\/media?parent=643"}],"wp:term":[{"taxonomy":"category","embeddable":true,"href":"https:\/\/www.fereastraveka.ro\/blog\/wp-json\/wp\/v2\/categories?post=643"},{"taxonomy":"post_tag","embeddable":true,"href":"https:\/\/www.fereastraveka.ro\/blog\/wp-json\/wp\/v2\/tags?post=643"}],"curies":[{"name":"wp","href":"https:\/\/api.w.org\/{rel}","templated":true}]}}