{"id":691,"date":"2022-03-10T11:53:09","date_gmt":"2022-03-10T09:53:09","guid":{"rendered":"https:\/\/www.fereastraveka.ro\/blog\/?p=691"},"modified":"2022-03-10T11:53:10","modified_gmt":"2022-03-10T09:53:10","slug":"cum-eviti-aparitia-mucegaiului-cu-profilele-veka","status":"publish","type":"post","link":"https:\/\/www.fereastraveka.ro\/blog\/cum-eviti-aparitia-mucegaiului-cu-profilele-veka\/","title":{"rendered":"Cum evi\u021bi apari\u021bia mucegaiului cu profilele VEKA"},"content":{"rendered":"\n<p>Mucegaiurile sunt organisme rezistente care se r\u0103sp\u00e2ndesc cu u\u0219urin\u021b\u0103 at\u00e2t \u00een exterior c\u00e2t \u0219i \u00een interiorul cl\u0103dirilor, mai ales \u00een spa\u021bii umede \u0219i neaerisite precum subsolurile sau mansardele nelocuite. Sporii acestora pot p\u0103trunde \u00een interiorul locuin\u021belor \u00een timpul aerisirii sau ata\u0219ate de haine, \u00eenc\u0103l\u021b\u0103minte sau animale de companie. A\u0219adar, infiltrarea sporilor este aproape imposibil de contracarat, \u00eens\u0103 \u00eenmul\u021birea acestora \u0219i apari\u021bia petelor de mucegai pot fi evitate.<\/p>\n\n\n\n<p><strong>Care sunt cauzele apari\u021biei mucegaiului?<\/strong><\/p>\n\n\n\n<p>\u00cen primul r\u00e2nd, trebuie \u0219tiut c\u0103 mucegaiul apare \u00een interior doar \u00een prezen\u021ba umezelii persistente. Aceasta poate proveni de la o instala\u021bie sanitar\u0103 defect\u0103 sau atunci c\u00e2nd \u00eenc\u0103perile nu sunt ventilate corespunz\u0103tor. Mucegaiul poate ap\u0103rea chiar \u0219i \u00een cazul b\u0103ilor \u0219i buc\u0103t\u0103riilor cu regim de lucru normal sau redus, atunci c\u00e2nd apa provenit\u0103 din activit\u0103\u021bi uzuale nu se evapor\u0103 rapid, iar vaporii de ap\u0103 nu sunt elimina\u021bi prin aerisire.<\/p>\n\n\n\n<p>Astfel, cele mai frecvente locuri \u00een care poate ap\u0103rea mucegaiul sunt b\u0103ile \u0219i buc\u0103t\u0103riile, dar acesta se poate extinde \u0219i \u00een restul casei dac\u0103 se formeaz\u0103 condens pe ferestre \u0219i pere\u021bi. Acest fenomen apare atunci c\u00e2nd ferestrele sunt de calitate inferioar\u0103, c\u00e2nd pere\u021bii exteriori nu sunt termoizola\u021bi sau c\u00e2nd termoizolarea este deficitar\u0103.<\/p>\n\n\n\n<p><strong>Ce facem dac\u0103 avem mucegai?<\/strong><\/p>\n\n\n\n<p>Primul lucru care trebuie f\u0103cut este identificarea sursei de ap\u0103. \u00cen b\u0103i \u0219i buc\u0103t\u0103rii, de cele mai multe ori vinovatul este ventila\u021bia insuficient\u0103, a\u0219a c\u0103 aerise\u0219te c\u00e2t mai mult timp \u0219i verific\u0103 sistemele de ventila\u021bie. \u00cen balcoane \u00eenchise, dormitoare sau camere de zi, umiditatea poate proveni \u0219i din exterior, prin orificii. \u00cen acest caz, trebuie s\u0103 identifici sursa problemei verific\u00e2nd \u00eenchiderea corecta a ferestrelor, garniturile, integritatea profilelor \u0219i a geamurilor, glaful sau dac\u0103 au ap\u0103rut fisuri \u00eentre toc \u0219i perete. Dac\u0103 umiditatea provine din condens pe ferestre, contacteaz\u0103 un <a href=\"https:\/\/www.fereastraveka.ro\/oferta_tamplarie_pvc\">specialist VEKA<\/a> \u0219i \u00eenlocuie\u0219te-le cu unele care te vor proteja corespunz\u0103tor sau, dup\u0103 caz, cu o solu\u021bie de aerisire pasiv\u0103. Dup\u0103 repara\u021bii, aplic\u0103 o solu\u021bie fungicid\u0103 pe suprafa\u021ba afectat\u0103 a peretelui, cur\u0103\u021b\u0103-l bine \u0219i acoper\u0103 zona cu un nou strat de vopsea lavabil\u0103.<\/p>\n\n\n\n<p><strong>Ce avantaje ofer\u0103 profilele VEKA \u00een combaterea mucegaiului?<\/strong><\/p>\n\n\n\n<p>Calitatea profilelor de clasa A VEKA, \u00eenseamn\u0103 \u00een primul r\u00e2nd rezisten\u021b\u0103 \u0219i stabilitate a ferestrelor \u0219i u\u0219ilor de p\u00e2n\u0103 la 50 de ani, cu un minim de mentenan\u021b\u0103. Astfel, datorit\u0103 grosimii peretelui exterior de 3mm, num\u0103rului \u0219i dispunerii camerelor interioare, c\u00e2t \u0219i <a href=\"https:\/\/www.fereastraveka.ro\/blog\/cum-se-fabrica-un-profil-pvc\/\">re\u021betei proprii de PVC<\/a>, profilele VEKA pot sus\u021bine pachete grele de geam, \u021bin\u00e2nd afar\u0103 apa \u0219i zgomotul, iar \u00een interior economiile de energie. Mai mult, PVC-ul este un material termoizolant ce previne apari\u021bia condensului pe profile. Pentru o aerisire continu\u0103 \u0219i eliminarea umidit\u0103\u021bii din interior, sistemele VEKA pot fi prev\u0103zute cu clapete de ventila\u021bie REGEL-air. Acestea permit schimbul permanent de aer, f\u0103r\u0103 a crea senza\u021bie de curent \u00een interior. \u00cen plus, sistemele VEKA sunt realizate \u0219i montate doar de c\u0103tre parteneri acredita\u021bi \u0219i atent selec\u021biona\u021bi, a\u0219a c\u0103 fiecare lucrare dispune de garan\u021bia unei execu\u021bii realizate la cele mai \u00eenalte standarde germane. Un <a href=\"https:\/\/www.fereastraveka.ro\/oferta_tamplarie_pvc\">specialist VEKA<\/a> \u00ee\u021bi poate recomanda solu\u021biile potrivite locuin\u021bei tale.\u00a0<\/p>\n\n\n\n<figure class=\"wp-block-image size-full\"><img loading=\"lazy\" width=\"963\" height=\"640\" src=\"https:\/\/www.fereastraveka.ro\/blog\/wp-content\/uploads\/2022\/03\/regel-air-1.jpg\" alt=\"\" class=\"wp-image-695\" srcset=\"https:\/\/www.fereastraveka.ro\/blog\/wp-content\/uploads\/2022\/03\/regel-air-1.jpg 963w, https:\/\/www.fereastraveka.ro\/blog\/wp-content\/uploads\/2022\/03\/regel-air-1-300x199.jpg 300w, https:\/\/www.fereastraveka.ro\/blog\/wp-content\/uploads\/2022\/03\/regel-air-1-768x510.jpg 768w\" sizes=\"(max-width: 963px) 100vw, 963px\" \/><\/figure>\n\n\n\n<p><strong>Sfaturi pentru aerisirea corect\u0103 a spa\u021biilor interioare<\/strong><\/p>\n\n\n\n<p>Reglarea umidit\u0103\u021bii \u0219i aerul proasp\u0103t sunt caracteristici ale confortului \u0219i sunt esen\u021biale \u00een procesul de men\u021binere a unui mediu interior s\u0103n\u0103tos. Dac\u0103 observi c\u0103 stropii de ap\u0103 se evapor\u0103 greu din baie \u0219i buc\u0103t\u0103rie, \u0219terge suprafe\u021bele dup\u0103 fiecare utilizare.<\/p>\n\n\n\n<p>Pentru o aerisire corespunz\u0103toare, este necesar ca \u00een fiecare zi, timp de c\u00e2teva minute, s\u0103 deschizi larg ferestrele \u0219i s\u0103 creezi un curent de aer \u00een toat\u0103 locuin\u021ba. Astfel, \u00eenc\u0103perile se vor aerisi rapid, confortul termic se p\u0103streaz\u0103, iar umiditatea din interior este eliminat\u0103. \u00cen cazul \u00een care locuie\u0219ti \u00eentr-o zon\u0103 urban\u0103 aglomerat\u0103, \u00eencearc\u0103 s\u0103 aerise\u0219ti la primele ore ale dimine\u021bii sau \u00een intervalele \u00een care poluarea aerului are cele mai sc\u0103zute valori.<\/p>\n","protected":false},"excerpt":{"rendered":"<p>Mucegaiurile sunt organisme rezistente care se r\u0103sp\u00e2ndesc cu u\u0219urin\u021b\u0103 at\u00e2t \u00een exterior c\u00e2t \u0219i \u00een interiorul cl\u0103dirilor, mai ales \u00een spa\u021bii umede \u0219i neaerisite precum subsolurile sau mansardele nelocuite. <\/p>\n","protected":false},"author":2,"featured_media":696,"comment_status":"closed","ping_status":"open","sticky":false,"template":"","format":"standard","meta":[],"categories":[1],"tags":[31,26],"acf":[],"_links":{"self":[{"href":"https:\/\/www.fereastraveka.ro\/blog\/wp-json\/wp\/v2\/posts\/691"}],"collection":[{"href":"https:\/\/www.fereastraveka.ro\/blog\/wp-json\/wp\/v2\/posts"}],"about":[{"href":"https:\/\/www.fereastraveka.ro\/blog\/wp-json\/wp\/v2\/types\/post"}],"author":[{"embeddable":true,"href":"https:\/\/www.fereastraveka.ro\/blog\/wp-json\/wp\/v2\/users\/2"}],"replies":[{"embeddable":true,"href":"https:\/\/www.fereastraveka.ro\/blog\/wp-json\/wp\/v2\/comments?post=691"}],"version-history":[{"count":1,"href":"https:\/\/www.fereastraveka.ro\/blog\/wp-json\/wp\/v2\/posts\/691\/revisions"}],"predecessor-version":[{"id":697,"href":"https:\/\/www.fereastraveka.ro\/blog\/wp-json\/wp\/v2\/posts\/691\/revisions\/697"}],"wp:featuredmedia":[{"embeddable":true,"href":"https:\/\/www.fereastraveka.ro\/blog\/wp-json\/wp\/v2\/media\/696"}],"wp:attachment":[{"href":"https:\/\/www.fereastraveka.ro\/blog\/wp-json\/wp\/v2\/media?parent=691"}],"wp:term":[{"taxonomy":"category","embeddable":true,"href":"https:\/\/www.fereastraveka.ro\/blog\/wp-json\/wp\/v2\/categories?post=691"},{"taxonomy":"post_tag","embeddable":true,"href":"https:\/\/www.fereastraveka.ro\/blog\/wp-json\/wp\/v2\/tags?post=691"}],"curies":[{"name":"wp","href":"https:\/\/api.w.org\/{rel}","templated":true}]}}