{"id":707,"date":"2022-04-11T16:17:40","date_gmt":"2022-04-11T13:17:40","guid":{"rendered":"https:\/\/www.fereastraveka.ro\/blog\/?p=707"},"modified":"2022-04-11T16:17:40","modified_gmt":"2022-04-11T13:17:40","slug":"cum-decoram-ferestrele-pentru-sarbatoarea-de-paste","status":"publish","type":"post","link":"https:\/\/www.fereastraveka.ro\/blog\/cum-decoram-ferestrele-pentru-sarbatoarea-de-paste\/","title":{"rendered":"Cum decor\u0103m ferestrele pentru s\u0103rb\u0103toarea de Pa\u0219te"},"content":{"rendered":"\n<p>Marile s\u0103rb\u0103tori sunt ocaziile perfecte, care timp de c\u00e2teva zile reunesc familiile \u0219i prietenii apropia\u021bi. Pentru a crea o atmosfer\u0103 cu adev\u0103rat festiv\u0103, preparatele tradi\u021bionale care umplu mesele sunt adesea \u00eenso\u021bite de ornamente ce men\u021bin viu spiritul s\u0103rb\u0103torilor pe toat\u0103 durata acestora. \u00cen ceea ce prive\u0219te decorarea ferestrelor \u0219i a u\u0219ilor, recomand\u0103rile de siguran\u021b\u0103 r\u0103m\u00e2n acelea\u0219i ca \u00een cazul <a href=\"https:\/\/www.fereastraveka.ro\/blog\/cum-sa-iti-personalizezi-ferestrele-veka-in-perioada-craciunului\/\">s\u0103rb\u0103torilor de iarn\u0103<\/a>. Anume, evita\u021bi plasarea surselor de c\u0103ldur\u0103 \u0219i a fl\u0103c\u0103rilor deschise \u00een imediata apropiere a ferestrelor, iar pentru prinderea ornamentelor, utiliza\u021bi c\u00e2rligele cu ventuze sau band\u0103 adeziv\u0103 care se \u00eendep\u0103rteaz\u0103 u\u0219or, f\u0103r\u0103 a l\u0103sa urme. Dac\u0103 apela\u021bi la banda adeziv\u0103, nu atinge\u021bi suprafa\u021ba geamurilor \u0219i profilele cu obiecte ascu\u021bite, de exemplu, nu t\u0103ia\u021bi banda adeziv\u0103 cu un cutter, folosind geamul sau tocul drept suport.<\/p>\n\n\n\n<p><\/p>\n\n\n\n<p><strong>Ce tem\u0103 alegem pentru decorarea casei de Pa\u0219te?<\/strong><\/p>\n\n\n\n<p>Temele care pot fi alese difer\u0103 \u00een func\u021bie de preferin\u021be. Ca idee, pot fi alese decora\u021biuni cu flori de prim\u0103var\u0103 \u0219i coroni\u021be, iepura\u0219i \u0219i ou\u0103 vopsite, motive tradi\u021bionale rom\u00e2ne\u0219ti sau combina\u021bii ale acestora. Pentru a evita contrastele de stil, este bine ca decora\u021biunile s\u0103 fie alese \u00een func\u021bie de arhitectura cl\u0103dirii \u0219i design interior. Spre exemplu, unei locuin\u021be cu aspect rustic i se potrivesc foarte bine ornamentele inspirate din costumele populare rom\u00e2ne\u0219ti, \u021bin\u00e2nd cont c\u0103 simbolurile difer\u0103 de la o regiune la alta. \u00cen cazul locuin\u021belor moderne, este de preferat stilul minimalist, decora\u021biunile din sfera digital, mesaje \u0219i ur\u0103ri scurte \u2013 afi\u0219ate \u00een dreptul ferestrelor, \u0219i perdelele cu motive de Pa\u0219te sau florale. Florile proaspete \u0219i ou\u0103le vopsite pot fi considerate ornamente universale, la care se poate apela indiferent de gust sau loca\u021bie. Pentru a \u00eencheia acest capitol, putem spune c\u0103 singurele recomand\u0103ri importante de care ar fi indicat s\u0103 se \u021bin\u0103 seama ar fi c\u0103 \u201cce-i prea mult stric\u0103\u201d, iar o tem\u0103 unitar\u0103 are \u00een general cele mai bune rezultate.<\/p>\n\n\n\n<figure class=\"wp-block-image size-large\"><img loading=\"lazy\" width=\"1024\" height=\"684\" src=\"https:\/\/www.fereastraveka.ro\/blog\/wp-content\/uploads\/2022\/04\/Veka-Timisoara-0335-1024x684.jpg\" alt=\"\" class=\"wp-image-708\" srcset=\"https:\/\/www.fereastraveka.ro\/blog\/wp-content\/uploads\/2022\/04\/Veka-Timisoara-0335-1024x684.jpg 1024w, https:\/\/www.fereastraveka.ro\/blog\/wp-content\/uploads\/2022\/04\/Veka-Timisoara-0335-300x200.jpg 300w, https:\/\/www.fereastraveka.ro\/blog\/wp-content\/uploads\/2022\/04\/Veka-Timisoara-0335-768x513.jpg 768w, https:\/\/www.fereastraveka.ro\/blog\/wp-content\/uploads\/2022\/04\/Veka-Timisoara-0335-1536x1025.jpg 1536w, https:\/\/www.fereastraveka.ro\/blog\/wp-content\/uploads\/2022\/04\/Veka-Timisoara-0335-2048x1367.jpg 2048w, https:\/\/www.fereastraveka.ro\/blog\/wp-content\/uploads\/2022\/04\/Veka-Timisoara-0335-1200x801.jpg 1200w, https:\/\/www.fereastraveka.ro\/blog\/wp-content\/uploads\/2022\/04\/Veka-Timisoara-0335-1980x1322.jpg 1980w\" sizes=\"(max-width: 1024px) 100vw, 1024px\" \/><\/figure>\n\n\n\n<p><\/p>\n\n\n\n<p><strong>Ce accesorii alegem pentru a decora ferestrele VEKA?<\/strong><\/p>\n\n\n\n<p>Dac\u0103 nu se pl\u0103nuie\u0219te reutilizarea decora\u021biunilor, pentru a preveni risipa \u0219i generarea de\u0219eurilor, este indicat\u0103 alegerea unora biodegradabile (flori, carton, fructe, legume, etc.) \u00een locul celor din plastic, sticl\u0103 sau metal. Un co\u0219 cu fructe \u0219i ou\u0103 ro\u0219ii, a\u0219ezate pe un pat de iarb\u0103 verde, \u00eenc\u00e2nt\u0103 mai bine privirea dec\u00e2t un iepura\u0219 din plastic care eman\u0103 artificialitate. Juc\u0103riile din plu\u0219 sunt \u0219i ele binevenite pe orice pervaz, mai ales c\u0103 reprezint\u0103 o atrac\u021bie irezistibil\u0103 pentru micu\u021bi. De asemenea, florile prinse \u00een coroni\u021be, dau o not\u0103 aparte de prospe\u021bime u\u0219ilor \u0219i ferestrelor. Acestea pot fi plasate at\u00e2t \u00een interior, c\u00e2t \u00een exterior, \u0219i sunt o solu\u021bie ideal\u0103 pentru a transmite bun-venit, atunci c\u00e2nd \u00eempodobesc principala u\u0219\u0103 de acces.<\/p>\n\n\n\n<figure class=\"wp-block-image size-large\"><img loading=\"lazy\" width=\"1024\" height=\"683\" src=\"https:\/\/www.fereastraveka.ro\/blog\/wp-content\/uploads\/2022\/04\/MicrosoftTeams-image-8-1024x683.jpg\" alt=\"\" class=\"wp-image-709\" srcset=\"https:\/\/www.fereastraveka.ro\/blog\/wp-content\/uploads\/2022\/04\/MicrosoftTeams-image-8-1024x683.jpg 1024w, https:\/\/www.fereastraveka.ro\/blog\/wp-content\/uploads\/2022\/04\/MicrosoftTeams-image-8-300x200.jpg 300w, https:\/\/www.fereastraveka.ro\/blog\/wp-content\/uploads\/2022\/04\/MicrosoftTeams-image-8-768x512.jpg 768w, https:\/\/www.fereastraveka.ro\/blog\/wp-content\/uploads\/2022\/04\/MicrosoftTeams-image-8-1536x1024.jpg 1536w, https:\/\/www.fereastraveka.ro\/blog\/wp-content\/uploads\/2022\/04\/MicrosoftTeams-image-8-2048x1365.jpg 2048w, https:\/\/www.fereastraveka.ro\/blog\/wp-content\/uploads\/2022\/04\/MicrosoftTeams-image-8-1200x800.jpg 1200w, https:\/\/www.fereastraveka.ro\/blog\/wp-content\/uploads\/2022\/04\/MicrosoftTeams-image-8-1980x1320.jpg 1980w\" sizes=\"(max-width: 1024px) 100vw, 1024px\" \/><\/figure>\n\n\n\n<p>Nu \u00een ultimul r\u00e2nd, angajarea celor mici \u00een preg\u0103tirea decora\u021biunilor este o idee cu beneficii multiple. Pute\u021bi face asta cer\u00e2ndu-le s\u0103 deseneze pe coli A4 iepura\u0219i, ou\u0103 ro\u0219ii, etc., sau le pute\u021bi stimula imagina\u021bia rug\u00e2ndu-i s\u0103 pun\u0103 pe h\u00e2rtie viziunea lor asupra S\u0103rb\u0103torilor de Pa\u0219te. Pe de-o parte, aceast\u0103 activitate \u00eei va \u021bine ocupa\u021bi c\u00e2t timp preg\u0103ti\u021bi masa pentru Pa\u0219te. Pe de alta, afi\u0219area operelor pe ferestre va face f\u0103r\u0103 \u00eendoial\u0103 deliciul oaspe\u021bilor \u0219i \u00eei va face foarte m\u00e2ndri pe autori.<\/p>\n\n\n\n<figure class=\"wp-block-image size-large\"><img loading=\"lazy\" width=\"1024\" height=\"768\" src=\"https:\/\/www.fereastraveka.ro\/blog\/wp-content\/uploads\/2022\/04\/5bf2fb776a22f-1024x768.jpg\" alt=\"\" class=\"wp-image-710\" srcset=\"https:\/\/www.fereastraveka.ro\/blog\/wp-content\/uploads\/2022\/04\/5bf2fb776a22f-1024x768.jpg 1024w, https:\/\/www.fereastraveka.ro\/blog\/wp-content\/uploads\/2022\/04\/5bf2fb776a22f-300x225.jpg 300w, https:\/\/www.fereastraveka.ro\/blog\/wp-content\/uploads\/2022\/04\/5bf2fb776a22f-768x576.jpg 768w, https:\/\/www.fereastraveka.ro\/blog\/wp-content\/uploads\/2022\/04\/5bf2fb776a22f-1536x1152.jpg 1536w, https:\/\/www.fereastraveka.ro\/blog\/wp-content\/uploads\/2022\/04\/5bf2fb776a22f-1200x900.jpg 1200w, https:\/\/www.fereastraveka.ro\/blog\/wp-content\/uploads\/2022\/04\/5bf2fb776a22f.jpg 1600w\" sizes=\"(max-width: 1024px) 100vw, 1024px\" \/><\/figure>\n\n\n\n<p><strong>Cum alegem culorile accesoriilor?<\/strong><\/p>\n\n\n\n<p>Culorile recomandate pentru decora\u021biunile de Pa\u0219te sunt cele deschise, vii, precum galben, roz, argintiu sau bleu. Dac\u0103 preg\u0103ti\u021bi o renovare \u00eenainte de Pa\u0219te \u0219i dori\u021bi \u00eenlocuirea ferestrelor actuale cu unele eficiente termic, v\u0103 amintim c\u0103 profilele de clasa A de la VEKA pot fi foliate cu peste <a href=\"https:\/\/www.fereastraveka.ro\/solutii_tehnice\/gama_de_culori\">60 de culori RAL<\/a> sau imita\u021bii de lemn, ori pot fi personalizate cu tehnologia <a href=\"https:\/\/www.fereastraveka.ro\/spectral\/\">VEKA SPECTRAL<\/a>. Dac\u0103 nu g\u0103si\u021bi nuan\u021ba dorit\u0103 printre culorile disponibile, placarea cu aluminiu \u0219i vopsirea electrostatic\u0103 deschid \u00eentreaga gam\u0103 de culori RAL.<\/p>\n\n\n\n<p>Revenind la decora\u021biuni, o fereastr\u0103 al c\u0103rei toc \u0219i cercevea sunt \u00eembr\u0103cate \u00een nuan\u021be \u00eenchise de albastru, verde, ro\u0219u sau galben, vor scoate cel mai bine \u00een eviden\u021b\u0103 decora\u021biunile de s\u0103rb\u0103tori, fiind totodat\u0103 potrivite \u0219i \u00een restul anului.<\/p>\n","protected":false},"excerpt":{"rendered":"<p>Marile s\u0103rb\u0103tori sunt ocaziile perfecte, care timp de c\u00e2teva zile reunesc familiile \u0219i prietenii apropia\u021bi. Pentru a crea o atmosfer\u0103 cu adev\u0103rat festiv\u0103, preparatele tradi\u021bionale care umplu mesele sunt adesea \u00eenso\u021bite de ornamente ce men\u021bin viu spiritul s\u0103rb\u0103torilor pe toat\u0103 durata acestora. \u00cen ceea ce prive\u0219te decorarea ferestrelor \u0219i a u\u0219ilor, recomand\u0103rile de siguran\u021b\u0103 r\u0103m\u00e2n [&hellip;]<\/p>\n","protected":false},"author":2,"featured_media":711,"comment_status":"closed","ping_status":"open","sticky":false,"template":"","format":"standard","meta":[],"categories":[1],"tags":[31,30,10],"acf":[],"_links":{"self":[{"href":"https:\/\/www.fereastraveka.ro\/blog\/wp-json\/wp\/v2\/posts\/707"}],"collection":[{"href":"https:\/\/www.fereastraveka.ro\/blog\/wp-json\/wp\/v2\/posts"}],"about":[{"href":"https:\/\/www.fereastraveka.ro\/blog\/wp-json\/wp\/v2\/types\/post"}],"author":[{"embeddable":true,"href":"https:\/\/www.fereastraveka.ro\/blog\/wp-json\/wp\/v2\/users\/2"}],"replies":[{"embeddable":true,"href":"https:\/\/www.fereastraveka.ro\/blog\/wp-json\/wp\/v2\/comments?post=707"}],"version-history":[{"count":1,"href":"https:\/\/www.fereastraveka.ro\/blog\/wp-json\/wp\/v2\/posts\/707\/revisions"}],"predecessor-version":[{"id":712,"href":"https:\/\/www.fereastraveka.ro\/blog\/wp-json\/wp\/v2\/posts\/707\/revisions\/712"}],"wp:featuredmedia":[{"embeddable":true,"href":"https:\/\/www.fereastraveka.ro\/blog\/wp-json\/wp\/v2\/media\/711"}],"wp:attachment":[{"href":"https:\/\/www.fereastraveka.ro\/blog\/wp-json\/wp\/v2\/media?parent=707"}],"wp:term":[{"taxonomy":"category","embeddable":true,"href":"https:\/\/www.fereastraveka.ro\/blog\/wp-json\/wp\/v2\/categories?post=707"},{"taxonomy":"post_tag","embeddable":true,"href":"https:\/\/www.fereastraveka.ro\/blog\/wp-json\/wp\/v2\/tags?post=707"}],"curies":[{"name":"wp","href":"https:\/\/api.w.org\/{rel}","templated":true}]}}