{"id":758,"date":"2022-07-11T11:22:57","date_gmt":"2022-07-11T08:22:57","guid":{"rendered":"https:\/\/www.fereastraveka.ro\/blog\/?p=758"},"modified":"2022-07-11T11:22:57","modified_gmt":"2022-07-11T08:22:57","slug":"ferestre-de-clasa-a-si-accesorii-pentru-camera-copilului","status":"publish","type":"post","link":"https:\/\/www.fereastraveka.ro\/blog\/ferestre-de-clasa-a-si-accesorii-pentru-camera-copilului\/","title":{"rendered":"Ferestre de clasa A \u0219i accesorii pentru camera copilului"},"content":{"rendered":"\n<p>C\u00e2nd \u00een mijlocul familiei \u00ee\u0219i face apari\u021bia un nou membru, fragil \u0219i inocent, este normal ca toat\u0103 aten\u021bia celor din jur s\u0103 se \u00eendrepte asupra sa. Totu\u0219i, grija nu trebuie dus\u0103 la extrem. C\u00e2teva modific\u0103ri \u00een camera copilului, \u00eei pot asigura celui mic siguran\u021ba \u0219i confortul de care are nevoie, iar \u021bie \u00ee\u021bi aduc c\u00e2teva momente de respiro \u00een timp ce micu\u021bul doarme lini\u0219tit.<\/p>\n\n\n\n<p><strong>Care sunt sistemele potrivite pentru izolarea termic\u0103 \u0219i fonic\u0103 eficiente pentru camera copilului?<\/strong><\/p>\n\n\n\n<p>Micu\u021bii sunt foarte sensibili la zgomote \u0219i varia\u021bii ale temperaturii sau luminii ambientale. Percep cele mai mici schimb\u0103ri \u0219i reac\u021bioneaz\u0103 instantaneu. Dac\u0103 nu ai aflat deja, vei afla c\u00e2t se poate de cur\u00e2nd: lini\u0219tea \u0219i men\u021binerea temperaturii potrivite \u00een camera bebelu\u0219ului sunt de importan\u021b\u0103 capital\u0103. A\u0219adar, at\u00e2t pentru confortul s\u0103u, c\u00e2t \u0219i pentru lini\u0219tea \u00eentregii familii, ferestrele VEKA de clasa A sunt elemente care pot face diferen\u021ba \u00eentre \u201cdoarme toat\u0103 ziua\u201d \u0219i \u201cnu \u0219tiu ce s\u0103 mai fac\u201d. Pentru un nivel ridicat de izolare fonic\u0103, chiar \u0219i \u00een centrul ora\u0219elor aglomerate, temperaturi stabile, eficien\u021b\u0103 energetic\u0103 \u0219i protec\u021bie UV, speciali\u0219tii VEKA recomand\u0103 pachete de geam cu trei foi de sticl\u0103 (vitraj tripan), tratat cu pelicul\u0103 LOW-E. Pentru a evita surprizele nepl\u0103cute, trebuie re\u021binut c\u0103 pachetele de geam cu trei straturi sunt mult mai grele dec\u00e2t cele obi\u0219nuite. Prin urmare, au nevoie de profil solid, feronerie de calitate \u0219i necesit\u0103 montaj realizat de profesioni\u0219ti. Toate aceste aspecte sunt acoperite de solu\u021biile VEKA, grupul german produc\u00e2nd doar profile din PVC de clasa A cu rezisten\u021b\u0103 superioar\u0103, iar ferestrele care ajung la clien\u021bi sunt realizate \u0219i montate doar de <a href=\"https:\/\/www.fereastraveka.ro\/oferta_tamplarie_pvc\">parteneri certifica\u021bi<\/a>. \u00cen acest fel, toate ferestrele VEKA \u00ee\u0219i \u00eendeplinesc scopul f\u0103r\u0103 probleme pentru o perioad\u0103 estimat\u0103 la 50 de ani. Pe l\u00e2ng\u0103 ferestre, camerele copiilor mai pot fi prev\u0103zute \u0219i cu u\u0219i din PVC, izolate fonic. Acestea \u00eei feresc pe cei mici de zgomotele din cas\u0103, iar familia \u00ee\u0219i poat\u0103 continua stilul de via\u021b\u0103 obi\u0219nuit. \u00cen aceast\u0103 situa\u021bie, este recomandat un sistem de supraveghere pentru nou-n\u0103scu\u021bi.<\/p>\n\n\n\n<figure class=\"wp-block-image size-full\"><img loading=\"lazy\" width=\"1000\" height=\"599\" src=\"https:\/\/www.fereastraveka.ro\/blog\/wp-content\/uploads\/2022\/07\/Ferestre-SOFTLINE-82.jpg\" alt=\"\" class=\"wp-image-759\" srcset=\"https:\/\/www.fereastraveka.ro\/blog\/wp-content\/uploads\/2022\/07\/Ferestre-SOFTLINE-82.jpg 1000w, https:\/\/www.fereastraveka.ro\/blog\/wp-content\/uploads\/2022\/07\/Ferestre-SOFTLINE-82-300x180.jpg 300w, https:\/\/www.fereastraveka.ro\/blog\/wp-content\/uploads\/2022\/07\/Ferestre-SOFTLINE-82-768x460.jpg 768w\" sizes=\"(max-width: 1000px) 100vw, 1000px\" \/><\/figure>\n\n\n\n<p><strong>Care sunt accesoriile care sporesc siguran\u021ba copilului?<\/strong><\/p>\n\n\n\n<p>Odat\u0103 ce copiii \u00eencep s\u0103-\u0219i dezvolte mobilitatea, un accesoriu esen\u021bial, at\u00e2t pentru camera lor, c\u00e2t \u0219i pentru celelalte ferestre din locuin\u021b\u0103, este \u00eencuietoarea cu cheie. Butucul poate fi integrat subtil \u00een m\u00e2nerul ferestrei \u0219i poate bloca complet deschiderea sau poate permite doar deschiderea pe vertical\u0103. Un alt accesoriu binevenit este amortizorul pentru u\u0219\u0103. Acesta previne accident\u0103rile care ar putea surveni \u00een urma \u00eenchiderii \u0219i deschiderii energice de c\u0103tre persoane sau curen\u021bi de aer. Pentru un grad \u0219i mai ridicat de siguran\u021b\u0103 al u\u0219ilor \u0219i ferestrelor, se poate opta pentru sticl\u0103 antiefrac\u021bie, care nu produce cioburi \u00een caz de spargere. Ca m\u0103sur\u0103 adi\u021bional\u0103 de precau\u021bie, u\u0219ile camerelor copiilor nu trebuie prev\u0103zute cu mecanisme de blocare sau \u00eenchidere din interior, cel pu\u021bin la v\u00e2rste foarte fragede. Pe l\u00e2ng\u0103 op\u021biuni \u0219i accesorii, profilele din PVC mai prezint\u0103 dou\u0103 avantaje majore \u00een compara\u021bie cu alte solu\u021bii &#8211; nu au muchii ascu\u021bite \u0219i nu se desfac \u00een a\u0219chii. Afl\u0103 mai multe despre siguran\u021ba oferit\u0103 de ferestrele VEKA din urm\u0103torul video:<\/p>\n\n\n\n<figure class=\"wp-block-embed is-type-video is-provider-youtube wp-block-embed-youtube wp-embed-aspect-16-9 wp-has-aspect-ratio\"><div class=\"wp-block-embed__wrapper\">\n<iframe loading=\"lazy\" title=\"Siguran\u021ba casei tale\" width=\"580\" height=\"326\" src=\"https:\/\/www.youtube.com\/embed\/VfsoPHEWD28?feature=oembed\" frameborder=\"0\" allow=\"accelerometer; autoplay; clipboard-write; encrypted-media; gyroscope; picture-in-picture\" allowfullscreen><\/iframe>\n<\/div><\/figure>\n\n\n\n<p><\/p>\n\n\n\n<p><strong>Cum pot fi personalizate sistemele VEKA pentru nevoile copilului?<\/strong><\/p>\n\n\n\n<p>C\u00e2nd vine vorba de personalizare, ne g\u00e2ndim \u00een primul r\u00e2nd la culori \u0219i textur\u0103. Sfatul nostru este s\u0103 evita\u021bi culorile intense, precum ro\u0219ul aprins, atunci c\u00e2nd decora\u021bi camera copiilor. Nuan\u021bele deschise de albastrul, verde, galben \u0219i alte culori neutre sunt cele mai potrivite, ele induc\u00e2nd cel mai bine starea de calm \u0219i relaxare. <a href=\"https:\/\/www.fereastraveka.ro\/solutii_tehnice\/gama_de_culori\">Paletarul VEKA<\/a> include peste 50 de culori RAL, a\u0219a c\u0103 problema nu va fi g\u0103sirea culorii potrivite, ci alegerea uneia cu care s\u0103 v\u0103 \u00eemp\u0103ca\u021bi timp de 50 de ani. Dac\u0103 simpla foliere nu este de ajuns, VEKA mai ofer\u0103 alte dou\u0103 op\u021biuni. Pentru un plus de rafinament, nuan\u021be unice \u0219i catifelare, po\u021bi alege tehnologia <a href=\"https:\/\/www.fereastraveka.ro\/spectral\/\">VEKA SPECTRAL<\/a>. Pentru un plus de rezisten\u021b\u0103 a profilelor, atunci c\u00e2nd se pune problema loviturilor, zg\u00e2rieturilor \u0219i a intr\u0103rii \u00een contact cu substan\u021be care pot d\u0103una PVC-ului, r\u0103spunsul este <a href=\"https:\/\/www.fereastraveka.ro\/solutii_tehnice\/categ\/accesorii\/placari-aluminiu\">placarea cu aluminiu<\/a>.<\/p>\n","protected":false},"excerpt":{"rendered":"<p>C\u00e2nd \u00een mijlocul familiei \u00ee\u0219i face apari\u021bia un nou membru, fragil \u0219i inocent, este normal ca toat\u0103 aten\u021bia celor din jur s\u0103 se \u00eendrepte asupra sa. Totu\u0219i, grija nu trebuie dus\u0103 la extrem. C\u00e2teva modific\u0103ri \u00een camera copilului, \u00eei pot asigura celui mic siguran\u021ba \u0219i confortul de care are nevoie, iar \u021bie \u00ee\u021bi aduc c\u00e2teva [&hellip;]<\/p>\n","protected":false},"author":2,"featured_media":760,"comment_status":"closed","ping_status":"open","sticky":false,"template":"","format":"standard","meta":[],"categories":[1],"tags":[31,30,10,33],"acf":[],"_links":{"self":[{"href":"https:\/\/www.fereastraveka.ro\/blog\/wp-json\/wp\/v2\/posts\/758"}],"collection":[{"href":"https:\/\/www.fereastraveka.ro\/blog\/wp-json\/wp\/v2\/posts"}],"about":[{"href":"https:\/\/www.fereastraveka.ro\/blog\/wp-json\/wp\/v2\/types\/post"}],"author":[{"embeddable":true,"href":"https:\/\/www.fereastraveka.ro\/blog\/wp-json\/wp\/v2\/users\/2"}],"replies":[{"embeddable":true,"href":"https:\/\/www.fereastraveka.ro\/blog\/wp-json\/wp\/v2\/comments?post=758"}],"version-history":[{"count":1,"href":"https:\/\/www.fereastraveka.ro\/blog\/wp-json\/wp\/v2\/posts\/758\/revisions"}],"predecessor-version":[{"id":761,"href":"https:\/\/www.fereastraveka.ro\/blog\/wp-json\/wp\/v2\/posts\/758\/revisions\/761"}],"wp:featuredmedia":[{"embeddable":true,"href":"https:\/\/www.fereastraveka.ro\/blog\/wp-json\/wp\/v2\/media\/760"}],"wp:attachment":[{"href":"https:\/\/www.fereastraveka.ro\/blog\/wp-json\/wp\/v2\/media?parent=758"}],"wp:term":[{"taxonomy":"category","embeddable":true,"href":"https:\/\/www.fereastraveka.ro\/blog\/wp-json\/wp\/v2\/categories?post=758"},{"taxonomy":"post_tag","embeddable":true,"href":"https:\/\/www.fereastraveka.ro\/blog\/wp-json\/wp\/v2\/tags?post=758"}],"curies":[{"name":"wp","href":"https:\/\/api.w.org\/{rel}","templated":true}]}}