{"id":790,"date":"2022-09-09T17:18:16","date_gmt":"2022-09-09T14:18:16","guid":{"rendered":"https:\/\/www.fereastraveka.ro\/blog\/?p=790"},"modified":"2022-09-09T17:18:17","modified_gmt":"2022-09-09T14:18:17","slug":"veka-sprijina-the-loneliest-road-campania-internationala-de-sustinere-a-sanatatii-mintale-si-prevenire-a-suicidului","status":"publish","type":"post","link":"https:\/\/www.fereastraveka.ro\/blog\/veka-sprijina-the-loneliest-road-campania-internationala-de-sustinere-a-sanatatii-mintale-si-prevenire-a-suicidului\/","title":{"rendered":"VEKA sprijin\u0103 The Loneliest Road, campania interna\u021bional\u0103 de sus\u021binere a s\u0103n\u0103t\u0103\u021bii mintale \u0219i prevenire a suicidului"},"content":{"rendered":"\n<p>\u00cen fiecare an, peste 700.000 de persoane \u00eenceteaz\u0103 din via\u021b\u0103 prin suicid, iar pentru fiecare adult ce comite acest act, se \u00eenregistreaz\u0103 \u00een jur de 20 de tentative premerg\u0103toare. Conform <a href=\"https:\/\/www.who.int\/teams\/mental-health-and-substance-use\/data-research\/suicide-data\">Organiza\u021biei Mondiale a S\u0103n\u0103t\u0103\u021bii<\/a>, suicidul este un fenomen global ce se clasa \u00een 2019 pe locul 17 \u00een ierarhia cauzelor de deces.<\/p>\n\n\n\n<p>Pornind de la aceast\u0103 realitate sumbr\u0103, amplificat\u0103 \u00een ultimii ani de presiunea crizelor globale, VEKA a decis s\u0103 se implice activ \u00een combaterea acestei probleme globale, sus\u021bin\u00e2nd \u00een acela\u0219i timp s\u0103n\u0103tatea mintal\u0103. Fiind o companie de familie, cu un sistem solid de valori \u0219i prezen\u021b\u0103 interna\u021bional\u0103, grupul VEKA este mereu preocupat de starea de bine a echipei, a partenerilor \u0219i a comunit\u0103\u021bilor \u00een mijlocul c\u0103rora \u00ee\u0219i desf\u0103\u0219oar\u0103 activitatea.<\/p>\n\n\n\n<p>Av\u00e2nd la baz\u0103 un eveniment de ciclism organizat \u00een urm\u0103 cu doi ani \u00een Anglia pentru sus\u021binerea s\u0103n\u0103t\u0103\u021bii mintale, campania <strong>The Loneliest Road: Kelly\u2019s Heroes<\/strong> de anul acesta va traversa SUA de la est la vest, iar \u00een Europa se va desf\u0103\u0219ura \u00een trei \u021b\u0103ri. Startul \u00een cursa european\u0103 se va da la VEKA Iberica (Spania) \u00een data de 10 septembrie 2022, Ziua Mondial\u0103 pentru Prevenirea Suicidului. Traseul din Europa are o lungime de 2.990km, include VEKA SAS (Fran\u021ba) \u0219i se va \u00eencheia dup\u0103 10 zile la sediul general VEKA AG din Sendenhorst, Germania.<\/p>\n\n\n\n<p>Man\u0219a american\u0103 porne\u0219te din New Jersey \u00een data de 24 septembrie \u0219i va parcurge \u00eentreaga lungime a \u0219oselei US Route 50. Aceast\u0103 rut\u0103 nu a fost aleas\u0103 \u00eent\u00e2mpl\u0103tor, por\u021biunea ce traverseaz\u0103 statul Nevada fiind desemnat\u0103 \u00een 1986 de revista Life drept Cel Mai Singuratic Drum din America (The Loneliest Road in America). Traseul american va avea o lungime de 5.380km \u0219i o durat\u0103 de 16 zile, \u00eencheindu-se pe 10 octombrie, Ziua Mondial\u0103 a S\u0103n\u0103t\u0103\u021bii Mintale.<\/p>\n\n\n\n<p>Principala \u021bint\u0103 a campaniei este de a atrage destui cicli\u0219ti, pe cele dou\u0103 trasee sau virtuali, \u00eenc\u00e2t s\u0103 fie parcur\u0219i un total de 83.000km. Num\u0103rul reprezint\u0103 dublul circumferin\u021bei globului \u0219i a fost ales \u00een concordan\u021ba cu sintagma <strong>Ask Twice<\/strong>. Aceasta urm\u0103re\u0219te educarea popula\u021biei cu privire la importan\u021ba dubl\u0103rii unei \u00eentreb\u0103ri: E\u0219ti bine? <em>Sigur<\/em> e\u0219ti bine? Aceast\u0103 metod\u0103 simpl\u0103 poate face o diferen\u021b\u0103 imens\u0103, majoritatea oamenilor r\u0103spunz\u00e2nd din reflex afirmativ la prima \u00eentrebare, \u00een timp ce a doua \u00eei poate determina s\u0103 se deschid\u0103.<\/p>\n\n\n\n<p>VEKA este sponsor principal al \u00eentregii campanii \u0219i va acoperi toate cheltuielile logistice, astfel \u00eenc\u00e2t toate fondurile str\u00e2nse \u00een timpul evenimentului s\u0103 se \u00eendrepte spre organiza\u021bii ce vizeaz\u0103 preven\u021bia suicidului \u0219i ocrotirea s\u0103n\u0103t\u0103\u021bii mintale. \u00cen plus, grupul va promova intens campania \u00een r\u00e2ndul angaja\u021bilor \u0219i al partenerilor, \u00eencuraj\u00e2ndu-i pe ace\u0219tia s\u0103 participe la eveniment \u0219i s\u0103 transmit\u0103 informa\u021biile mai departe familiei \u0219i prietenilor.<\/p>\n\n\n\n<figure class=\"wp-block-embed is-type-video is-provider-youtube wp-block-embed-youtube wp-embed-aspect-16-9 wp-has-aspect-ratio\"><div class=\"wp-block-embed__wrapper\">\n<iframe loading=\"lazy\" title=\"Kelly&#039;s Heroes\" width=\"580\" height=\"326\" src=\"https:\/\/www.youtube.com\/embed\/AXgVH960HDk?feature=oembed\" frameborder=\"0\" allow=\"accelerometer; autoplay; clipboard-write; encrypted-media; gyroscope; picture-in-picture\" allowfullscreen><\/iframe>\n<\/div><\/figure>\n\n\n\n<p>Dac\u0103 vrei s\u0103 sus\u021bii campania <strong>The Loneliest Road: Kelly\u2019s Heroes<\/strong>, ai la dispozi\u021bie 3 modalit\u0103\u021bi. Dac\u0103 e\u0219ti utilizator de Strava, Fitbit sau Garmin Connect, prin platforma Ultrabritain te po\u021bi \u00eenscrie virtual \u00een <a href=\"https:\/\/www.ultrabritain.com\/events\/kellys-heroes\/the-loneliest-road\/mCCwYMZF8J\/tlr-virtual-veka-europe\">cursa european\u0103<\/a>, iar activitatea ta pe biciclet\u0103, mers sau c\u0103\u021b\u0103rare va contribui la atingerea scopului nostru \u2013 83.000 km. De asemenea, daca vrei s\u0103 aju\u021bi \u00een lupta \u00eempotriva depresiei, po\u021bi face o dona\u021bie aici: <a href=\"https:\/\/www.betterplace.org\/de\/fundraising-events\/42270-depression-ist-eine-krankheit-keine-schwaeche\">veka.betterplace.org<\/a>. Bine\u00een\u021beles, mai po\u021bi ajuta redistribuind pe canalele de socializare evenimentul nostru sau acest articol folosind hashtagurile <strong>#ASKTWICE<\/strong> \u0219i <strong>#NOTALONE.<\/strong> Pe l\u00e2ng\u0103 str\u00e2ngerea de fonduri, VEKA dore\u0219te ca aceast\u0103 ac\u021biune de propor\u021bii s\u0103 atrag\u0103 aten\u021bia unei mase c\u00e2t mai mari de oameni asupra importan\u021bei s\u0103n\u0103t\u0103\u021bii mintale \u0219i a preven\u021biei suicidului.<\/p>\n","protected":false},"excerpt":{"rendered":"<p>\u00cen fiecare an, peste 700.000 de persoane \u00eenceteaz\u0103 din via\u021b\u0103 prin suicid, iar pentru fiecare adult ce comite acest act, se \u00eenregistreaz\u0103 \u00een jur de 20 de tentative premerg\u0103toare. Conform Organiza\u021biei Mondiale a S\u0103n\u0103t\u0103\u021bii, suicidul este un fenomen global ce se clasa \u00een 2019 pe locul 17 \u00een ierarhia cauzelor de deces. Pornind de la [&hellip;]<\/p>\n","protected":false},"author":2,"featured_media":791,"comment_status":"closed","ping_status":"open","sticky":false,"template":"","format":"standard","meta":[],"categories":[1],"tags":[52,56,54,53,55,5],"acf":[],"_links":{"self":[{"href":"https:\/\/www.fereastraveka.ro\/blog\/wp-json\/wp\/v2\/posts\/790"}],"collection":[{"href":"https:\/\/www.fereastraveka.ro\/blog\/wp-json\/wp\/v2\/posts"}],"about":[{"href":"https:\/\/www.fereastraveka.ro\/blog\/wp-json\/wp\/v2\/types\/post"}],"author":[{"embeddable":true,"href":"https:\/\/www.fereastraveka.ro\/blog\/wp-json\/wp\/v2\/users\/2"}],"replies":[{"embeddable":true,"href":"https:\/\/www.fereastraveka.ro\/blog\/wp-json\/wp\/v2\/comments?post=790"}],"version-history":[{"count":1,"href":"https:\/\/www.fereastraveka.ro\/blog\/wp-json\/wp\/v2\/posts\/790\/revisions"}],"predecessor-version":[{"id":792,"href":"https:\/\/www.fereastraveka.ro\/blog\/wp-json\/wp\/v2\/posts\/790\/revisions\/792"}],"wp:featuredmedia":[{"embeddable":true,"href":"https:\/\/www.fereastraveka.ro\/blog\/wp-json\/wp\/v2\/media\/791"}],"wp:attachment":[{"href":"https:\/\/www.fereastraveka.ro\/blog\/wp-json\/wp\/v2\/media?parent=790"}],"wp:term":[{"taxonomy":"category","embeddable":true,"href":"https:\/\/www.fereastraveka.ro\/blog\/wp-json\/wp\/v2\/categories?post=790"},{"taxonomy":"post_tag","embeddable":true,"href":"https:\/\/www.fereastraveka.ro\/blog\/wp-json\/wp\/v2\/tags?post=790"}],"curies":[{"name":"wp","href":"https:\/\/api.w.org\/{rel}","templated":true}]}}